{"id":13207,"date":"2022-12-20T09:58:26","date_gmt":"2022-12-20T08:58:26","guid":{"rendered":"https:\/\/amplitude-laser.com\/?post_type=news&#038;p=13207"},"modified":"2022-12-20T09:58:26","modified_gmt":"2022-12-20T08:58:26","slug":"amplitude-annonce-lacquistion-de-fastlite","status":"publish","type":"news","link":"https:\/\/amplitude-laser.com\/fr\/news\/amplitude-annonce-lacquistion-de-fastlite\/","title":{"rendered":"AMPLITUDE ANNONCE L\u2019ACQUISTION DE FASTLITE"},"content":{"rendered":"<p>Amplitude annonce l&rsquo;acquisition de Fastlite, une soci\u00e9t\u00e9 fran\u00e7aise de haute technologie sp\u00e9cialis\u00e9e dans la mise en forme et la caract\u00e9risation d&rsquo;impulsions femtosecondes et les amplificateurs param\u00e9triques optiques. L&rsquo;acquisition sera finalis\u00e9e au d\u00e9but de 2023, apr\u00e8s consultations et approbations r\u00e9glementaires.<\/p>\n<p>Amplitude et Fastlite entretiennent des liens de longue date et collaborent pour d\u00e9velopper les technologies femtosecondes.<\/p>\n<blockquote><p>\u201d Nous travaillons avec l&rsquo;\u00e9quipe Fastlite depuis de nombreuses ann\u00e9es, et c&rsquo;est un honneur de les voir rejoindre la famille Amplitude. L&rsquo;expertise compl\u00e9mentaire des deux soci\u00e9t\u00e9s permettra \u00e0 Amplitude de concevoir et fabriquer la prochaine g\u00e9n\u00e9ration de lasers femtosecondes.\u201d d\u00e9clare Eric Mottay, Pr\u00e9sident et C.E.O. d&rsquo;Amplitude<\/p>\n<p>\u201d Fastlite partage avec Amplitude une m\u00eame passion pour la technologie laser, et je me r\u00e9jouis de voir nos \u00e9quipes travailler \u00e9troitement ensemble. Nous offrirons la plus large gamme de lasers femtosecondes au monde, ce qui constitue un atout inestimable pour l&rsquo;offre de produits et solutions OPA et OPCPA pomp\u00e9s \u00e0 l&rsquo;ytterbium. \u00bb explique Pascal Tournois, PDG de Fastlite.<\/p><\/blockquote>\n<p>Plus d&rsquo;informations sur Fastlite :<br \/>\nFastlite est un leader reconnu dans l&rsquo;instrumentation scientifique ultrarapide et propose depuis 2016 \u00e0 la communaut\u00e9 scientifique des sources laser femtosecondes bas\u00e9es sur des amplificateurs d&rsquo;impulsions param\u00e9triques optiques pomp\u00e9s \u00e0 l&rsquo;ytterbium. Plus de d\u00e9tails &gt;&gt;&gt; https:\/\/fastlite.com\/<\/p>\n","protected":false},"featured_media":13203,"parent":0,"template":"","secteur":[69],"class_list":["post-13207","news","type-news","status-publish","has-post-thumbnail","hentry","secteur-general"],"acf":[],"yoast_head":"<!-- This site is optimized with the Yoast SEO plugin v27.5 - https:\/\/yoast.com\/product\/yoast-seo-wordpress\/ -->\n<title>AMPLITUDE ANNONCE L\u2019ACQUISTION DE FASTLITE - Amplitude<\/title>\n<meta name=\"robots\" content=\"index, follow, max-snippet:-1, max-image-preview:large, max-video-preview:-1\" \/>\n<link rel=\"canonical\" href=\"https:\/\/amplitude-laser.com\/fr\/news\/amplitude-annonce-lacquistion-de-fastlite\/\" \/>\n<meta property=\"og:locale\" content=\"fr_FR\" \/>\n<meta property=\"og:type\" content=\"article\" \/>\n<meta property=\"og:title\" content=\"AMPLITUDE ANNONCE L\u2019ACQUISTION DE FASTLITE - Amplitude\" \/>\n<meta property=\"og:description\" content=\"Amplitude annonce l&rsquo;acquisition de Fastlite, une soci\u00e9t\u00e9 fran\u00e7aise de haute technologie sp\u00e9cialis\u00e9e dans la mise en forme et la caract\u00e9risation d&rsquo;impulsions femtosecondes et les amplificateurs param\u00e9triques optiques. L&rsquo;acquisition sera finalis\u00e9e au d\u00e9but de 2023, apr\u00e8s consultations et approbations r\u00e9glementaires. Amplitude et Fastlite entretiennent des liens de longue date et collaborent pour d\u00e9velopper les technologies femtosecondes. [&hellip;]\" \/>\n<meta property=\"og:url\" content=\"https:\/\/amplitude-laser.com\/fr\/news\/amplitude-annonce-lacquistion-de-fastlite\/\" \/>\n<meta property=\"og:site_name\" content=\"Amplitude\" \/>\n<meta property=\"og:image\" content=\"https:\/\/amplitude-laser.com\/wp-content\/uploads\/2022\/12\/Logo-Fastlite-1.jpg\" \/>\n\t<meta property=\"og:image:width\" content=\"374\" \/>\n\t<meta property=\"og:image:height\" content=\"200\" \/>\n\t<meta property=\"og:image:type\" content=\"image\/jpeg\" \/>\n<meta name=\"twitter:card\" content=\"summary_large_image\" \/>\n<meta name=\"twitter:label1\" content=\"Dur\u00e9e de lecture estim\u00e9e\" \/>\n\t<meta name=\"twitter:data1\" content=\"1 minute\" \/>\n<script type=\"application\/ld+json\" class=\"yoast-schema-graph\">{\"@context\":\"https:\\\/\\\/schema.org\",\"@graph\":[{\"@type\":\"WebPage\",\"@id\":\"https:\\\/\\\/amplitude-laser.com\\\/fr\\\/news\\\/amplitude-annonce-lacquistion-de-fastlite\\\/\",\"url\":\"https:\\\/\\\/amplitude-laser.com\\\/fr\\\/news\\\/amplitude-annonce-lacquistion-de-fastlite\\\/\",\"name\":\"AMPLITUDE ANNONCE L\u2019ACQUISTION DE FASTLITE - Amplitude\",\"isPartOf\":{\"@id\":\"https:\\\/\\\/amplitude-laser.com\\\/#website\"},\"primaryImageOfPage\":{\"@id\":\"https:\\\/\\\/amplitude-laser.com\\\/fr\\\/news\\\/amplitude-annonce-lacquistion-de-fastlite\\\/#primaryimage\"},\"image\":{\"@id\":\"https:\\\/\\\/amplitude-laser.com\\\/fr\\\/news\\\/amplitude-annonce-lacquistion-de-fastlite\\\/#primaryimage\"},\"thumbnailUrl\":\"https:\\\/\\\/amplitude-laser.com\\\/wp-content\\\/uploads\\\/2022\\\/12\\\/Logo-Fastlite-1.jpg\",\"datePublished\":\"2022-12-20T08:58:26+00:00\",\"breadcrumb\":{\"@id\":\"https:\\\/\\\/amplitude-laser.com\\\/fr\\\/news\\\/amplitude-annonce-lacquistion-de-fastlite\\\/#breadcrumb\"},\"inLanguage\":\"fr-FR\",\"potentialAction\":[{\"@type\":\"ReadAction\",\"target\":[\"https:\\\/\\\/amplitude-laser.com\\\/fr\\\/news\\\/amplitude-annonce-lacquistion-de-fastlite\\\/\"]}]},{\"@type\":\"ImageObject\",\"inLanguage\":\"fr-FR\",\"@id\":\"https:\\\/\\\/amplitude-laser.com\\\/fr\\\/news\\\/amplitude-annonce-lacquistion-de-fastlite\\\/#primaryimage\",\"url\":\"https:\\\/\\\/amplitude-laser.com\\\/wp-content\\\/uploads\\\/2022\\\/12\\\/Logo-Fastlite-1.jpg\",\"contentUrl\":\"https:\\\/\\\/amplitude-laser.com\\\/wp-content\\\/uploads\\\/2022\\\/12\\\/Logo-Fastlite-1.jpg\",\"width\":374,\"height\":200,\"caption\":\"Fastlife Amplitude Laser\"},{\"@type\":\"BreadcrumbList\",\"@id\":\"https:\\\/\\\/amplitude-laser.com\\\/fr\\\/news\\\/amplitude-annonce-lacquistion-de-fastlite\\\/#breadcrumb\",\"itemListElement\":[{\"@type\":\"ListItem\",\"position\":1,\"name\":\"Home\",\"item\":\"https:\\\/\\\/amplitude-laser.com\\\/fr\\\/\"},{\"@type\":\"ListItem\",\"position\":2,\"name\":\"News\",\"item\":\"https:\\\/\\\/amplitude-laser.com\\\/news\\\/\"},{\"@type\":\"ListItem\",\"position\":3,\"name\":\"AMPLITUDE ANNONCE L\u2019ACQUISTION DE FASTLITE\"}]},{\"@type\":\"WebSite\",\"@id\":\"https:\\\/\\\/amplitude-laser.com\\\/#website\",\"url\":\"https:\\\/\\\/amplitude-laser.com\\\/\",\"name\":\"Amplitude\",\"description\":\"Nothing But Ultrafast\",\"publisher\":{\"@id\":\"https:\\\/\\\/amplitude-laser.com\\\/#organization\"},\"alternateName\":\"Amplitude Laser\",\"potentialAction\":[{\"@type\":\"SearchAction\",\"target\":{\"@type\":\"EntryPoint\",\"urlTemplate\":\"https:\\\/\\\/amplitude-laser.com\\\/?s={search_term_string}\"},\"query-input\":{\"@type\":\"PropertyValueSpecification\",\"valueRequired\":true,\"valueName\":\"search_term_string\"}}],\"inLanguage\":\"fr-FR\"},{\"@type\":\"Organization\",\"@id\":\"https:\\\/\\\/amplitude-laser.com\\\/#organization\",\"name\":\"Amplitude Laser\",\"alternateName\":\"Amplitude\",\"url\":\"https:\\\/\\\/amplitude-laser.com\\\/\",\"logo\":{\"@type\":\"ImageObject\",\"inLanguage\":\"fr-FR\",\"@id\":\"https:\\\/\\\/amplitude-laser.com\\\/#\\\/schema\\\/logo\\\/image\\\/\",\"url\":\"https:\\\/\\\/amplitude-laser.com\\\/wp-content\\\/uploads\\\/2018\\\/10\\\/Amplitude.png\",\"contentUrl\":\"https:\\\/\\\/amplitude-laser.com\\\/wp-content\\\/uploads\\\/2018\\\/10\\\/Amplitude.png\",\"width\":999,\"height\":1182,\"caption\":\"Amplitude Laser\"},\"image\":{\"@id\":\"https:\\\/\\\/amplitude-laser.com\\\/#\\\/schema\\\/logo\\\/image\\\/\"}}]}<\/script>\n<!-- \/ Yoast SEO plugin. -->","yoast_head_json":{"title":"AMPLITUDE ANNONCE L\u2019ACQUISTION DE FASTLITE - Amplitude","robots":{"index":"index","follow":"follow","max-snippet":"max-snippet:-1","max-image-preview":"max-image-preview:large","max-video-preview":"max-video-preview:-1"},"canonical":"https:\/\/amplitude-laser.com\/fr\/news\/amplitude-annonce-lacquistion-de-fastlite\/","og_locale":"fr_FR","og_type":"article","og_title":"AMPLITUDE ANNONCE L\u2019ACQUISTION DE FASTLITE - Amplitude","og_description":"Amplitude annonce l&rsquo;acquisition de Fastlite, une soci\u00e9t\u00e9 fran\u00e7aise de haute technologie sp\u00e9cialis\u00e9e dans la mise en forme et la caract\u00e9risation d&rsquo;impulsions femtosecondes et les amplificateurs param\u00e9triques optiques. L&rsquo;acquisition sera finalis\u00e9e au d\u00e9but de 2023, apr\u00e8s consultations et approbations r\u00e9glementaires. Amplitude et Fastlite entretiennent des liens de longue date et collaborent pour d\u00e9velopper les technologies femtosecondes. [&hellip;]","og_url":"https:\/\/amplitude-laser.com\/fr\/news\/amplitude-annonce-lacquistion-de-fastlite\/","og_site_name":"Amplitude","og_image":[{"width":374,"height":200,"url":"https:\/\/amplitude-laser.com\/wp-content\/uploads\/2022\/12\/Logo-Fastlite-1.jpg","type":"image\/jpeg"}],"twitter_card":"summary_large_image","twitter_misc":{"Dur\u00e9e de lecture estim\u00e9e":"1 minute"},"schema":{"@context":"https:\/\/schema.org","@graph":[{"@type":"WebPage","@id":"https:\/\/amplitude-laser.com\/fr\/news\/amplitude-annonce-lacquistion-de-fastlite\/","url":"https:\/\/amplitude-laser.com\/fr\/news\/amplitude-annonce-lacquistion-de-fastlite\/","name":"AMPLITUDE ANNONCE L\u2019ACQUISTION DE FASTLITE - Amplitude","isPartOf":{"@id":"https:\/\/amplitude-laser.com\/#website"},"primaryImageOfPage":{"@id":"https:\/\/amplitude-laser.com\/fr\/news\/amplitude-annonce-lacquistion-de-fastlite\/#primaryimage"},"image":{"@id":"https:\/\/amplitude-laser.com\/fr\/news\/amplitude-annonce-lacquistion-de-fastlite\/#primaryimage"},"thumbnailUrl":"https:\/\/amplitude-laser.com\/wp-content\/uploads\/2022\/12\/Logo-Fastlite-1.jpg","datePublished":"2022-12-20T08:58:26+00:00","breadcrumb":{"@id":"https:\/\/amplitude-laser.com\/fr\/news\/amplitude-annonce-lacquistion-de-fastlite\/#breadcrumb"},"inLanguage":"fr-FR","potentialAction":[{"@type":"ReadAction","target":["https:\/\/amplitude-laser.com\/fr\/news\/amplitude-annonce-lacquistion-de-fastlite\/"]}]},{"@type":"ImageObject","inLanguage":"fr-FR","@id":"https:\/\/amplitude-laser.com\/fr\/news\/amplitude-annonce-lacquistion-de-fastlite\/#primaryimage","url":"https:\/\/amplitude-laser.com\/wp-content\/uploads\/2022\/12\/Logo-Fastlite-1.jpg","contentUrl":"https:\/\/amplitude-laser.com\/wp-content\/uploads\/2022\/12\/Logo-Fastlite-1.jpg","width":374,"height":200,"caption":"Fastlife Amplitude Laser"},{"@type":"BreadcrumbList","@id":"https:\/\/amplitude-laser.com\/fr\/news\/amplitude-annonce-lacquistion-de-fastlite\/#breadcrumb","itemListElement":[{"@type":"ListItem","position":1,"name":"Home","item":"https:\/\/amplitude-laser.com\/fr\/"},{"@type":"ListItem","position":2,"name":"News","item":"https:\/\/amplitude-laser.com\/news\/"},{"@type":"ListItem","position":3,"name":"AMPLITUDE ANNONCE L\u2019ACQUISTION DE FASTLITE"}]},{"@type":"WebSite","@id":"https:\/\/amplitude-laser.com\/#website","url":"https:\/\/amplitude-laser.com\/","name":"Amplitude","description":"Nothing But Ultrafast","publisher":{"@id":"https:\/\/amplitude-laser.com\/#organization"},"alternateName":"Amplitude Laser","potentialAction":[{"@type":"SearchAction","target":{"@type":"EntryPoint","urlTemplate":"https:\/\/amplitude-laser.com\/?s={search_term_string}"},"query-input":{"@type":"PropertyValueSpecification","valueRequired":true,"valueName":"search_term_string"}}],"inLanguage":"fr-FR"},{"@type":"Organization","@id":"https:\/\/amplitude-laser.com\/#organization","name":"Amplitude Laser","alternateName":"Amplitude","url":"https:\/\/amplitude-laser.com\/","logo":{"@type":"ImageObject","inLanguage":"fr-FR","@id":"https:\/\/amplitude-laser.com\/#\/schema\/logo\/image\/","url":"https:\/\/amplitude-laser.com\/wp-content\/uploads\/2018\/10\/Amplitude.png","contentUrl":"https:\/\/amplitude-laser.com\/wp-content\/uploads\/2018\/10\/Amplitude.png","width":999,"height":1182,"caption":"Amplitude Laser"},"image":{"@id":"https:\/\/amplitude-laser.com\/#\/schema\/logo\/image\/"}}]}},"_links":{"self":[{"href":"https:\/\/amplitude-laser.com\/fr\/wp-json\/wp\/v2\/news\/13207","targetHints":{"allow":["GET"]}}],"collection":[{"href":"https:\/\/amplitude-laser.com\/fr\/wp-json\/wp\/v2\/news"}],"about":[{"href":"https:\/\/amplitude-laser.com\/fr\/wp-json\/wp\/v2\/types\/news"}],"wp:featuredmedia":[{"embeddable":true,"href":"https:\/\/amplitude-laser.com\/fr\/wp-json\/wp\/v2\/media\/13203"}],"wp:attachment":[{"href":"https:\/\/amplitude-laser.com\/fr\/wp-json\/wp\/v2\/media?parent=13207"}],"wp:term":[{"taxonomy":"secteur","embeddable":true,"href":"https:\/\/amplitude-laser.com\/fr\/wp-json\/wp\/v2\/secteur?post=13207"}],"curies":[{"name":"wp","href":"https:\/\/api.w.org\/{rel}","templated":true}]}}