{"id":2618,"date":"2018-12-10T17:12:05","date_gmt":"2018-12-10T16:12:05","guid":{"rendered":"http:\/\/amplitude-laser.com\/?post_type=news&#038;p=2618"},"modified":"2018-12-10T17:20:19","modified_gmt":"2018-12-10T16:20:19","slug":"laureat-du-prix-de-lexport-initiative-vie-amplitude-systemes","status":"publish","type":"news","link":"https:\/\/amplitude-laser.com\/fr\/news\/laureat-du-prix-de-lexport-initiative-vie-amplitude-systemes\/","title":{"rendered":"Laur\u00e9at du Prix de l\u2019export \u201cInitiative VIE\u201d : Amplitude Syst\u00e8mes"},"content":{"rendered":"<p>28 juin 2018 &#8211;\u00a0Amplitude Syst\u00e8mes , laur\u00e9at du prix Initiative VIE a \u00e9t\u00e9 r\u00e9compens\u00e9 lors des World Connections \u00e0 Limoges le 27 juin 2018.<\/p>\n<p><iframe loading=\"lazy\" title=\"Laur\u00e9at du prix l&#039;export &quot;Initiative VIE&quot; : Amplitude Syst\u00e8mes\" width=\"500\" height=\"281\" src=\"https:\/\/www.youtube.com\/embed\/cFo35kSkH9s?feature=oembed\" frameborder=\"0\" allow=\"accelerometer; autoplay; clipboard-write; encrypted-media; gyroscope; picture-in-picture; web-share\" referrerpolicy=\"strict-origin-when-cross-origin\" allowfullscreen><\/iframe><\/p>\n<p>Voir l&rsquo;article dans son int\u00e9gralit\u00e9: <a href=\"https:\/\/www.objectif-international.fr\/laureat-du-prix-de-lexport-initiative-vie-amplitude-systemes\/\">cliquez ici<\/a><\/p>\n<p>&nbsp;<\/p>\n<p>&nbsp;<\/p>\n","protected":false},"featured_media":2620,"parent":0,"template":"","secteur":[69],"class_list":["post-2618","news","type-news","status-publish","has-post-thumbnail","hentry","secteur-general"],"acf":[],"yoast_head":"<!-- This site is optimized with the Yoast SEO plugin v27.5 - https:\/\/yoast.com\/product\/yoast-seo-wordpress\/ -->\n<title>Laur\u00e9at du Prix de l\u2019export \u201cInitiative VIE\u201d : Amplitude Syst\u00e8mes - Amplitude<\/title>\n<meta name=\"robots\" content=\"index, follow, max-snippet:-1, max-image-preview:large, max-video-preview:-1\" \/>\n<link rel=\"canonical\" href=\"https:\/\/amplitude-laser.com\/fr\/news\/laureat-du-prix-de-lexport-initiative-vie-amplitude-systemes\/\" \/>\n<meta property=\"og:locale\" content=\"fr_FR\" \/>\n<meta property=\"og:type\" content=\"article\" \/>\n<meta property=\"og:title\" content=\"Laur\u00e9at du Prix de l\u2019export \u201cInitiative VIE\u201d : Amplitude Syst\u00e8mes - Amplitude\" \/>\n<meta property=\"og:description\" content=\"28 juin 2018 &#8211;\u00a0Amplitude Syst\u00e8mes , laur\u00e9at du prix Initiative VIE a \u00e9t\u00e9 r\u00e9compens\u00e9 lors des World Connections \u00e0 Limoges le 27 juin 2018. Voir l&rsquo;article dans son int\u00e9gralit\u00e9: cliquez ici &nbsp; &nbsp;\" \/>\n<meta property=\"og:url\" content=\"https:\/\/amplitude-laser.com\/fr\/news\/laureat-du-prix-de-lexport-initiative-vie-amplitude-systemes\/\" \/>\n<meta property=\"og:site_name\" content=\"Amplitude\" \/>\n<meta property=\"article:modified_time\" content=\"2018-12-10T16:20:19+00:00\" \/>\n<meta property=\"og:image\" content=\"https:\/\/amplitude-laser.com\/wp-content\/uploads\/2018\/12\/amplitudesysteme-1.jpg\" \/>\n\t<meta property=\"og:image:width\" content=\"1181\" \/>\n\t<meta property=\"og:image:height\" content=\"839\" \/>\n\t<meta property=\"og:image:type\" content=\"image\/jpeg\" \/>\n<meta name=\"twitter:card\" content=\"summary_large_image\" \/>\n<script type=\"application\/ld+json\" class=\"yoast-schema-graph\">{\"@context\":\"https:\\\/\\\/schema.org\",\"@graph\":[{\"@type\":\"WebPage\",\"@id\":\"https:\\\/\\\/amplitude-laser.com\\\/fr\\\/news\\\/laureat-du-prix-de-lexport-initiative-vie-amplitude-systemes\\\/\",\"url\":\"https:\\\/\\\/amplitude-laser.com\\\/fr\\\/news\\\/laureat-du-prix-de-lexport-initiative-vie-amplitude-systemes\\\/\",\"name\":\"Laur\u00e9at du Prix de l\u2019export \u201cInitiative VIE\u201d : Amplitude Syst\u00e8mes - Amplitude\",\"isPartOf\":{\"@id\":\"https:\\\/\\\/amplitude-laser.com\\\/#website\"},\"primaryImageOfPage\":{\"@id\":\"https:\\\/\\\/amplitude-laser.com\\\/fr\\\/news\\\/laureat-du-prix-de-lexport-initiative-vie-amplitude-systemes\\\/#primaryimage\"},\"image\":{\"@id\":\"https:\\\/\\\/amplitude-laser.com\\\/fr\\\/news\\\/laureat-du-prix-de-lexport-initiative-vie-amplitude-systemes\\\/#primaryimage\"},\"thumbnailUrl\":\"https:\\\/\\\/amplitude-laser.com\\\/wp-content\\\/uploads\\\/2018\\\/12\\\/amplitudesysteme-1.jpg\",\"datePublished\":\"2018-12-10T16:12:05+00:00\",\"dateModified\":\"2018-12-10T16:20:19+00:00\",\"breadcrumb\":{\"@id\":\"https:\\\/\\\/amplitude-laser.com\\\/fr\\\/news\\\/laureat-du-prix-de-lexport-initiative-vie-amplitude-systemes\\\/#breadcrumb\"},\"inLanguage\":\"fr-FR\",\"potentialAction\":[{\"@type\":\"ReadAction\",\"target\":[\"https:\\\/\\\/amplitude-laser.com\\\/fr\\\/news\\\/laureat-du-prix-de-lexport-initiative-vie-amplitude-systemes\\\/\"]}]},{\"@type\":\"ImageObject\",\"inLanguage\":\"fr-FR\",\"@id\":\"https:\\\/\\\/amplitude-laser.com\\\/fr\\\/news\\\/laureat-du-prix-de-lexport-initiative-vie-amplitude-systemes\\\/#primaryimage\",\"url\":\"https:\\\/\\\/amplitude-laser.com\\\/wp-content\\\/uploads\\\/2018\\\/12\\\/amplitudesysteme-1.jpg\",\"contentUrl\":\"https:\\\/\\\/amplitude-laser.com\\\/wp-content\\\/uploads\\\/2018\\\/12\\\/amplitudesysteme-1.jpg\",\"width\":1181,\"height\":839},{\"@type\":\"BreadcrumbList\",\"@id\":\"https:\\\/\\\/amplitude-laser.com\\\/fr\\\/news\\\/laureat-du-prix-de-lexport-initiative-vie-amplitude-systemes\\\/#breadcrumb\",\"itemListElement\":[{\"@type\":\"ListItem\",\"position\":1,\"name\":\"Home\",\"item\":\"https:\\\/\\\/amplitude-laser.com\\\/fr\\\/\"},{\"@type\":\"ListItem\",\"position\":2,\"name\":\"News\",\"item\":\"https:\\\/\\\/amplitude-laser.com\\\/news\\\/\"},{\"@type\":\"ListItem\",\"position\":3,\"name\":\"Laur\u00e9at du Prix de l\u2019export \u201cInitiative VIE\u201d : Amplitude Syst\u00e8mes\"}]},{\"@type\":\"WebSite\",\"@id\":\"https:\\\/\\\/amplitude-laser.com\\\/#website\",\"url\":\"https:\\\/\\\/amplitude-laser.com\\\/\",\"name\":\"Amplitude\",\"description\":\"Nothing But Ultrafast\",\"publisher\":{\"@id\":\"https:\\\/\\\/amplitude-laser.com\\\/#organization\"},\"alternateName\":\"Amplitude Laser\",\"potentialAction\":[{\"@type\":\"SearchAction\",\"target\":{\"@type\":\"EntryPoint\",\"urlTemplate\":\"https:\\\/\\\/amplitude-laser.com\\\/?s={search_term_string}\"},\"query-input\":{\"@type\":\"PropertyValueSpecification\",\"valueRequired\":true,\"valueName\":\"search_term_string\"}}],\"inLanguage\":\"fr-FR\"},{\"@type\":\"Organization\",\"@id\":\"https:\\\/\\\/amplitude-laser.com\\\/#organization\",\"name\":\"Amplitude Laser\",\"alternateName\":\"Amplitude\",\"url\":\"https:\\\/\\\/amplitude-laser.com\\\/\",\"logo\":{\"@type\":\"ImageObject\",\"inLanguage\":\"fr-FR\",\"@id\":\"https:\\\/\\\/amplitude-laser.com\\\/#\\\/schema\\\/logo\\\/image\\\/\",\"url\":\"https:\\\/\\\/amplitude-laser.com\\\/wp-content\\\/uploads\\\/2018\\\/10\\\/Amplitude.png\",\"contentUrl\":\"https:\\\/\\\/amplitude-laser.com\\\/wp-content\\\/uploads\\\/2018\\\/10\\\/Amplitude.png\",\"width\":999,\"height\":1182,\"caption\":\"Amplitude Laser\"},\"image\":{\"@id\":\"https:\\\/\\\/amplitude-laser.com\\\/#\\\/schema\\\/logo\\\/image\\\/\"}}]}<\/script>\n<!-- \/ Yoast SEO plugin. -->","yoast_head_json":{"title":"Laur\u00e9at du Prix de l\u2019export \u201cInitiative VIE\u201d : Amplitude Syst\u00e8mes - Amplitude","robots":{"index":"index","follow":"follow","max-snippet":"max-snippet:-1","max-image-preview":"max-image-preview:large","max-video-preview":"max-video-preview:-1"},"canonical":"https:\/\/amplitude-laser.com\/fr\/news\/laureat-du-prix-de-lexport-initiative-vie-amplitude-systemes\/","og_locale":"fr_FR","og_type":"article","og_title":"Laur\u00e9at du Prix de l\u2019export \u201cInitiative VIE\u201d : Amplitude Syst\u00e8mes - Amplitude","og_description":"28 juin 2018 &#8211;\u00a0Amplitude Syst\u00e8mes , laur\u00e9at du prix Initiative VIE a \u00e9t\u00e9 r\u00e9compens\u00e9 lors des World Connections \u00e0 Limoges le 27 juin 2018. Voir l&rsquo;article dans son int\u00e9gralit\u00e9: cliquez ici &nbsp; &nbsp;","og_url":"https:\/\/amplitude-laser.com\/fr\/news\/laureat-du-prix-de-lexport-initiative-vie-amplitude-systemes\/","og_site_name":"Amplitude","article_modified_time":"2018-12-10T16:20:19+00:00","og_image":[{"width":1181,"height":839,"url":"https:\/\/amplitude-laser.com\/wp-content\/uploads\/2018\/12\/amplitudesysteme-1.jpg","type":"image\/jpeg"}],"twitter_card":"summary_large_image","schema":{"@context":"https:\/\/schema.org","@graph":[{"@type":"WebPage","@id":"https:\/\/amplitude-laser.com\/fr\/news\/laureat-du-prix-de-lexport-initiative-vie-amplitude-systemes\/","url":"https:\/\/amplitude-laser.com\/fr\/news\/laureat-du-prix-de-lexport-initiative-vie-amplitude-systemes\/","name":"Laur\u00e9at du Prix de l\u2019export \u201cInitiative VIE\u201d : Amplitude Syst\u00e8mes - Amplitude","isPartOf":{"@id":"https:\/\/amplitude-laser.com\/#website"},"primaryImageOfPage":{"@id":"https:\/\/amplitude-laser.com\/fr\/news\/laureat-du-prix-de-lexport-initiative-vie-amplitude-systemes\/#primaryimage"},"image":{"@id":"https:\/\/amplitude-laser.com\/fr\/news\/laureat-du-prix-de-lexport-initiative-vie-amplitude-systemes\/#primaryimage"},"thumbnailUrl":"https:\/\/amplitude-laser.com\/wp-content\/uploads\/2018\/12\/amplitudesysteme-1.jpg","datePublished":"2018-12-10T16:12:05+00:00","dateModified":"2018-12-10T16:20:19+00:00","breadcrumb":{"@id":"https:\/\/amplitude-laser.com\/fr\/news\/laureat-du-prix-de-lexport-initiative-vie-amplitude-systemes\/#breadcrumb"},"inLanguage":"fr-FR","potentialAction":[{"@type":"ReadAction","target":["https:\/\/amplitude-laser.com\/fr\/news\/laureat-du-prix-de-lexport-initiative-vie-amplitude-systemes\/"]}]},{"@type":"ImageObject","inLanguage":"fr-FR","@id":"https:\/\/amplitude-laser.com\/fr\/news\/laureat-du-prix-de-lexport-initiative-vie-amplitude-systemes\/#primaryimage","url":"https:\/\/amplitude-laser.com\/wp-content\/uploads\/2018\/12\/amplitudesysteme-1.jpg","contentUrl":"https:\/\/amplitude-laser.com\/wp-content\/uploads\/2018\/12\/amplitudesysteme-1.jpg","width":1181,"height":839},{"@type":"BreadcrumbList","@id":"https:\/\/amplitude-laser.com\/fr\/news\/laureat-du-prix-de-lexport-initiative-vie-amplitude-systemes\/#breadcrumb","itemListElement":[{"@type":"ListItem","position":1,"name":"Home","item":"https:\/\/amplitude-laser.com\/fr\/"},{"@type":"ListItem","position":2,"name":"News","item":"https:\/\/amplitude-laser.com\/news\/"},{"@type":"ListItem","position":3,"name":"Laur\u00e9at du Prix de l\u2019export \u201cInitiative VIE\u201d : Amplitude Syst\u00e8mes"}]},{"@type":"WebSite","@id":"https:\/\/amplitude-laser.com\/#website","url":"https:\/\/amplitude-laser.com\/","name":"Amplitude","description":"Nothing But Ultrafast","publisher":{"@id":"https:\/\/amplitude-laser.com\/#organization"},"alternateName":"Amplitude Laser","potentialAction":[{"@type":"SearchAction","target":{"@type":"EntryPoint","urlTemplate":"https:\/\/amplitude-laser.com\/?s={search_term_string}"},"query-input":{"@type":"PropertyValueSpecification","valueRequired":true,"valueName":"search_term_string"}}],"inLanguage":"fr-FR"},{"@type":"Organization","@id":"https:\/\/amplitude-laser.com\/#organization","name":"Amplitude Laser","alternateName":"Amplitude","url":"https:\/\/amplitude-laser.com\/","logo":{"@type":"ImageObject","inLanguage":"fr-FR","@id":"https:\/\/amplitude-laser.com\/#\/schema\/logo\/image\/","url":"https:\/\/amplitude-laser.com\/wp-content\/uploads\/2018\/10\/Amplitude.png","contentUrl":"https:\/\/amplitude-laser.com\/wp-content\/uploads\/2018\/10\/Amplitude.png","width":999,"height":1182,"caption":"Amplitude Laser"},"image":{"@id":"https:\/\/amplitude-laser.com\/#\/schema\/logo\/image\/"}}]}},"_links":{"self":[{"href":"https:\/\/amplitude-laser.com\/fr\/wp-json\/wp\/v2\/news\/2618","targetHints":{"allow":["GET"]}}],"collection":[{"href":"https:\/\/amplitude-laser.com\/fr\/wp-json\/wp\/v2\/news"}],"about":[{"href":"https:\/\/amplitude-laser.com\/fr\/wp-json\/wp\/v2\/types\/news"}],"wp:featuredmedia":[{"embeddable":true,"href":"https:\/\/amplitude-laser.com\/fr\/wp-json\/wp\/v2\/media\/2620"}],"wp:attachment":[{"href":"https:\/\/amplitude-laser.com\/fr\/wp-json\/wp\/v2\/media?parent=2618"}],"wp:term":[{"taxonomy":"secteur","embeddable":true,"href":"https:\/\/amplitude-laser.com\/fr\/wp-json\/wp\/v2\/secteur?post=2618"}],"curies":[{"name":"wp","href":"https:\/\/api.w.org\/{rel}","templated":true}]}}