{"id":2879,"date":"2019-01-25T11:15:06","date_gmt":"2019-01-25T10:15:06","guid":{"rendered":"https:\/\/amplitude-laser.com\/?post_type=news&#038;p=2879"},"modified":"2019-05-03T16:06:58","modified_gmt":"2019-05-03T14:06:58","slug":"amplitu-cree-la-box-laser-4-0","status":"publish","type":"news","link":"https:\/\/amplitude-laser.com\/fr\/news\/amplitu-cree-la-box-laser-4-0\/","title":{"rendered":"Amplitude lance son service Laser 4.0\u00ae"},"content":{"rendered":"<p><img decoding=\"async\" class=\"alignleft wp-image-2877 size-medium\" title=\"La Box Laser 4.0 d\u00e9velopp\u00e9e par Amplitude Laser Group\" src=\"https:\/\/amplitude-laser.com\/wp-content\/uploads\/2019\/01\/IMG_6874-e1548410905976-225x300.jpg\" alt=\"\" width=\"225\" height=\"300\" srcset=\"https:\/\/amplitude-laser.com\/wp-content\/uploads\/2019\/01\/IMG_6874-e1548410905976-225x300.jpg 225w, https:\/\/amplitude-laser.com\/wp-content\/uploads\/2019\/01\/IMG_6874-e1548410905976.jpg 480w\" sizes=\"(max-width: 225px) 100vw, 225px\" \/><span class=\"tlid-translation translation\"><span class=\"\" title=\"\">L&rsquo;industrie 4.0, commun\u00e9ment appel\u00e9e la quatri\u00e8me r\u00e9volution industrielle, modifie rapidement les processus de fabrication gr\u00e2ce \u00e0 la combinaison de l&rsquo;Internet des Objets, des produits connect\u00e9s et de l&rsquo;analyse de donn\u00e9es.<\/span><\/span><\/p>\n<p><span title=\"\">Dans ce cadre, le laser n&rsquo;est plus un syst\u00e8me ind\u00e9pendant, mais un composant int\u00e9gr\u00e9 dans une cha\u00eene de valeur intelligente.<\/span> <span title=\"\">Avec son programme<strong><a href=\"https:\/\/amplitude-laser.com\/fr\/services\/laser-4-0\/\"> Laser 4.0\u00ae<\/a><\/strong>, Amplitude se place \u00e0 l\u2019avant-garde de cette r\u00e9volution.<\/span><\/p>\n<p><span title=\"\">Gr\u00e2ce \u00e0 une combinaison de capteurs, de dispositifs communicants et d\u2019analyse de donn\u00e9es, Amplitude offre le moyen de garantir une disponibilit\u00e9 \u00e0 long terme\u00a0 du laser, une gestion de flotte sophistiqu\u00e9e et un rendement de production accru.<\/span><\/p>\n<p><span class=\"\" title=\"\">En tant que soci\u00e9t\u00e9 europ\u00e9enne, Amplitude respecte une r\u00e9glementation stricte en mati\u00e8re de protection de la vie priv\u00e9e et laisse \u00e0 l&rsquo;utilisateur le contr\u00f4le complet sur ses donn\u00e9es.<\/span><\/p>\n<p>&nbsp;<\/p>\n<p>Plus d&rsquo;information sur notre programme<strong> <a href=\"https:\/\/amplitude-laser.com\/fr\/services\/laser-4-0\/\"><span title=\"\">Laser 4.0\u00ae<\/span><\/a><\/strong><\/p>\n","protected":false},"featured_media":2875,"parent":0,"template":"","secteur":[69,66],"class_list":["post-2879","news","type-news","status-publish","has-post-thumbnail","hentry","secteur-general","secteur-industrie"],"acf":[],"yoast_head":"<!-- This site is optimized with the Yoast SEO plugin v27.5 - https:\/\/yoast.com\/product\/yoast-seo-wordpress\/ -->\n<title>Amplitude lance son service Laser 4.0\u00ae - Amplitude<\/title>\n<meta name=\"robots\" content=\"index, follow, max-snippet:-1, max-image-preview:large, max-video-preview:-1\" \/>\n<link rel=\"canonical\" href=\"https:\/\/amplitude-laser.com\/fr\/news\/amplitu-cree-la-box-laser-4-0\/\" \/>\n<meta property=\"og:locale\" content=\"fr_FR\" \/>\n<meta property=\"og:type\" content=\"article\" \/>\n<meta property=\"og:title\" content=\"Amplitude lance son service Laser 4.0\u00ae - Amplitude\" \/>\n<meta property=\"og:description\" content=\"L&rsquo;industrie 4.0, commun\u00e9ment appel\u00e9e la quatri\u00e8me r\u00e9volution industrielle, modifie rapidement les processus de fabrication gr\u00e2ce \u00e0 la combinaison de l&rsquo;Internet des Objets, des produits connect\u00e9s et de l&rsquo;analyse de donn\u00e9es. Dans ce cadre, le laser n&rsquo;est plus un syst\u00e8me ind\u00e9pendant, mais un composant int\u00e9gr\u00e9 dans une cha\u00eene de valeur intelligente. Avec son programme Laser 4.0\u00ae, [&hellip;]\" \/>\n<meta property=\"og:url\" content=\"https:\/\/amplitude-laser.com\/fr\/news\/amplitu-cree-la-box-laser-4-0\/\" \/>\n<meta property=\"og:site_name\" content=\"Amplitude\" \/>\n<meta property=\"article:modified_time\" content=\"2019-05-03T14:06:58+00:00\" \/>\n<meta property=\"og:image\" content=\"https:\/\/amplitude-laser.com\/wp-content\/uploads\/2019\/01\/IMG_6879.jpg\" \/>\n\t<meta property=\"og:image:width\" content=\"640\" \/>\n\t<meta property=\"og:image:height\" content=\"480\" \/>\n\t<meta property=\"og:image:type\" content=\"image\/jpeg\" \/>\n<meta name=\"twitter:card\" content=\"summary_large_image\" \/>\n<meta name=\"twitter:label1\" content=\"Dur\u00e9e de lecture estim\u00e9e\" \/>\n\t<meta name=\"twitter:data1\" content=\"1 minute\" \/>\n<script type=\"application\/ld+json\" class=\"yoast-schema-graph\">{\"@context\":\"https:\\\/\\\/schema.org\",\"@graph\":[{\"@type\":\"WebPage\",\"@id\":\"https:\\\/\\\/amplitude-laser.com\\\/fr\\\/news\\\/amplitu-cree-la-box-laser-4-0\\\/\",\"url\":\"https:\\\/\\\/amplitude-laser.com\\\/fr\\\/news\\\/amplitu-cree-la-box-laser-4-0\\\/\",\"name\":\"Amplitude lance son service Laser 4.0\u00ae - Amplitude\",\"isPartOf\":{\"@id\":\"https:\\\/\\\/amplitude-laser.com\\\/#website\"},\"primaryImageOfPage\":{\"@id\":\"https:\\\/\\\/amplitude-laser.com\\\/fr\\\/news\\\/amplitu-cree-la-box-laser-4-0\\\/#primaryimage\"},\"image\":{\"@id\":\"https:\\\/\\\/amplitude-laser.com\\\/fr\\\/news\\\/amplitu-cree-la-box-laser-4-0\\\/#primaryimage\"},\"thumbnailUrl\":\"https:\\\/\\\/amplitude-laser.com\\\/wp-content\\\/uploads\\\/2019\\\/01\\\/IMG_6879.jpg\",\"datePublished\":\"2019-01-25T10:15:06+00:00\",\"dateModified\":\"2019-05-03T14:06:58+00:00\",\"breadcrumb\":{\"@id\":\"https:\\\/\\\/amplitude-laser.com\\\/fr\\\/news\\\/amplitu-cree-la-box-laser-4-0\\\/#breadcrumb\"},\"inLanguage\":\"fr-FR\",\"potentialAction\":[{\"@type\":\"ReadAction\",\"target\":[\"https:\\\/\\\/amplitude-laser.com\\\/fr\\\/news\\\/amplitu-cree-la-box-laser-4-0\\\/\"]}]},{\"@type\":\"ImageObject\",\"inLanguage\":\"fr-FR\",\"@id\":\"https:\\\/\\\/amplitude-laser.com\\\/fr\\\/news\\\/amplitu-cree-la-box-laser-4-0\\\/#primaryimage\",\"url\":\"https:\\\/\\\/amplitude-laser.com\\\/wp-content\\\/uploads\\\/2019\\\/01\\\/IMG_6879.jpg\",\"contentUrl\":\"https:\\\/\\\/amplitude-laser.com\\\/wp-content\\\/uploads\\\/2019\\\/01\\\/IMG_6879.jpg\",\"width\":640,\"height\":480},{\"@type\":\"BreadcrumbList\",\"@id\":\"https:\\\/\\\/amplitude-laser.com\\\/fr\\\/news\\\/amplitu-cree-la-box-laser-4-0\\\/#breadcrumb\",\"itemListElement\":[{\"@type\":\"ListItem\",\"position\":1,\"name\":\"Home\",\"item\":\"https:\\\/\\\/amplitude-laser.com\\\/fr\\\/\"},{\"@type\":\"ListItem\",\"position\":2,\"name\":\"News\",\"item\":\"https:\\\/\\\/amplitude-laser.com\\\/news\\\/\"},{\"@type\":\"ListItem\",\"position\":3,\"name\":\"Amplitude lance son service Laser 4.0\u00ae\"}]},{\"@type\":\"WebSite\",\"@id\":\"https:\\\/\\\/amplitude-laser.com\\\/#website\",\"url\":\"https:\\\/\\\/amplitude-laser.com\\\/\",\"name\":\"Amplitude\",\"description\":\"Nothing But Ultrafast\",\"publisher\":{\"@id\":\"https:\\\/\\\/amplitude-laser.com\\\/#organization\"},\"alternateName\":\"Amplitude Laser\",\"potentialAction\":[{\"@type\":\"SearchAction\",\"target\":{\"@type\":\"EntryPoint\",\"urlTemplate\":\"https:\\\/\\\/amplitude-laser.com\\\/?s={search_term_string}\"},\"query-input\":{\"@type\":\"PropertyValueSpecification\",\"valueRequired\":true,\"valueName\":\"search_term_string\"}}],\"inLanguage\":\"fr-FR\"},{\"@type\":\"Organization\",\"@id\":\"https:\\\/\\\/amplitude-laser.com\\\/#organization\",\"name\":\"Amplitude Laser\",\"alternateName\":\"Amplitude\",\"url\":\"https:\\\/\\\/amplitude-laser.com\\\/\",\"logo\":{\"@type\":\"ImageObject\",\"inLanguage\":\"fr-FR\",\"@id\":\"https:\\\/\\\/amplitude-laser.com\\\/#\\\/schema\\\/logo\\\/image\\\/\",\"url\":\"https:\\\/\\\/amplitude-laser.com\\\/wp-content\\\/uploads\\\/2018\\\/10\\\/Amplitude.png\",\"contentUrl\":\"https:\\\/\\\/amplitude-laser.com\\\/wp-content\\\/uploads\\\/2018\\\/10\\\/Amplitude.png\",\"width\":999,\"height\":1182,\"caption\":\"Amplitude Laser\"},\"image\":{\"@id\":\"https:\\\/\\\/amplitude-laser.com\\\/#\\\/schema\\\/logo\\\/image\\\/\"}}]}<\/script>\n<!-- \/ Yoast SEO plugin. -->","yoast_head_json":{"title":"Amplitude lance son service Laser 4.0\u00ae - Amplitude","robots":{"index":"index","follow":"follow","max-snippet":"max-snippet:-1","max-image-preview":"max-image-preview:large","max-video-preview":"max-video-preview:-1"},"canonical":"https:\/\/amplitude-laser.com\/fr\/news\/amplitu-cree-la-box-laser-4-0\/","og_locale":"fr_FR","og_type":"article","og_title":"Amplitude lance son service Laser 4.0\u00ae - Amplitude","og_description":"L&rsquo;industrie 4.0, commun\u00e9ment appel\u00e9e la quatri\u00e8me r\u00e9volution industrielle, modifie rapidement les processus de fabrication gr\u00e2ce \u00e0 la combinaison de l&rsquo;Internet des Objets, des produits connect\u00e9s et de l&rsquo;analyse de donn\u00e9es. Dans ce cadre, le laser n&rsquo;est plus un syst\u00e8me ind\u00e9pendant, mais un composant int\u00e9gr\u00e9 dans une cha\u00eene de valeur intelligente. Avec son programme Laser 4.0\u00ae, [&hellip;]","og_url":"https:\/\/amplitude-laser.com\/fr\/news\/amplitu-cree-la-box-laser-4-0\/","og_site_name":"Amplitude","article_modified_time":"2019-05-03T14:06:58+00:00","og_image":[{"width":640,"height":480,"url":"https:\/\/amplitude-laser.com\/wp-content\/uploads\/2019\/01\/IMG_6879.jpg","type":"image\/jpeg"}],"twitter_card":"summary_large_image","twitter_misc":{"Dur\u00e9e de lecture estim\u00e9e":"1 minute"},"schema":{"@context":"https:\/\/schema.org","@graph":[{"@type":"WebPage","@id":"https:\/\/amplitude-laser.com\/fr\/news\/amplitu-cree-la-box-laser-4-0\/","url":"https:\/\/amplitude-laser.com\/fr\/news\/amplitu-cree-la-box-laser-4-0\/","name":"Amplitude lance son service Laser 4.0\u00ae - Amplitude","isPartOf":{"@id":"https:\/\/amplitude-laser.com\/#website"},"primaryImageOfPage":{"@id":"https:\/\/amplitude-laser.com\/fr\/news\/amplitu-cree-la-box-laser-4-0\/#primaryimage"},"image":{"@id":"https:\/\/amplitude-laser.com\/fr\/news\/amplitu-cree-la-box-laser-4-0\/#primaryimage"},"thumbnailUrl":"https:\/\/amplitude-laser.com\/wp-content\/uploads\/2019\/01\/IMG_6879.jpg","datePublished":"2019-01-25T10:15:06+00:00","dateModified":"2019-05-03T14:06:58+00:00","breadcrumb":{"@id":"https:\/\/amplitude-laser.com\/fr\/news\/amplitu-cree-la-box-laser-4-0\/#breadcrumb"},"inLanguage":"fr-FR","potentialAction":[{"@type":"ReadAction","target":["https:\/\/amplitude-laser.com\/fr\/news\/amplitu-cree-la-box-laser-4-0\/"]}]},{"@type":"ImageObject","inLanguage":"fr-FR","@id":"https:\/\/amplitude-laser.com\/fr\/news\/amplitu-cree-la-box-laser-4-0\/#primaryimage","url":"https:\/\/amplitude-laser.com\/wp-content\/uploads\/2019\/01\/IMG_6879.jpg","contentUrl":"https:\/\/amplitude-laser.com\/wp-content\/uploads\/2019\/01\/IMG_6879.jpg","width":640,"height":480},{"@type":"BreadcrumbList","@id":"https:\/\/amplitude-laser.com\/fr\/news\/amplitu-cree-la-box-laser-4-0\/#breadcrumb","itemListElement":[{"@type":"ListItem","position":1,"name":"Home","item":"https:\/\/amplitude-laser.com\/fr\/"},{"@type":"ListItem","position":2,"name":"News","item":"https:\/\/amplitude-laser.com\/news\/"},{"@type":"ListItem","position":3,"name":"Amplitude lance son service Laser 4.0\u00ae"}]},{"@type":"WebSite","@id":"https:\/\/amplitude-laser.com\/#website","url":"https:\/\/amplitude-laser.com\/","name":"Amplitude","description":"Nothing But Ultrafast","publisher":{"@id":"https:\/\/amplitude-laser.com\/#organization"},"alternateName":"Amplitude Laser","potentialAction":[{"@type":"SearchAction","target":{"@type":"EntryPoint","urlTemplate":"https:\/\/amplitude-laser.com\/?s={search_term_string}"},"query-input":{"@type":"PropertyValueSpecification","valueRequired":true,"valueName":"search_term_string"}}],"inLanguage":"fr-FR"},{"@type":"Organization","@id":"https:\/\/amplitude-laser.com\/#organization","name":"Amplitude Laser","alternateName":"Amplitude","url":"https:\/\/amplitude-laser.com\/","logo":{"@type":"ImageObject","inLanguage":"fr-FR","@id":"https:\/\/amplitude-laser.com\/#\/schema\/logo\/image\/","url":"https:\/\/amplitude-laser.com\/wp-content\/uploads\/2018\/10\/Amplitude.png","contentUrl":"https:\/\/amplitude-laser.com\/wp-content\/uploads\/2018\/10\/Amplitude.png","width":999,"height":1182,"caption":"Amplitude Laser"},"image":{"@id":"https:\/\/amplitude-laser.com\/#\/schema\/logo\/image\/"}}]}},"_links":{"self":[{"href":"https:\/\/amplitude-laser.com\/fr\/wp-json\/wp\/v2\/news\/2879","targetHints":{"allow":["GET"]}}],"collection":[{"href":"https:\/\/amplitude-laser.com\/fr\/wp-json\/wp\/v2\/news"}],"about":[{"href":"https:\/\/amplitude-laser.com\/fr\/wp-json\/wp\/v2\/types\/news"}],"wp:featuredmedia":[{"embeddable":true,"href":"https:\/\/amplitude-laser.com\/fr\/wp-json\/wp\/v2\/media\/2875"}],"wp:attachment":[{"href":"https:\/\/amplitude-laser.com\/fr\/wp-json\/wp\/v2\/media?parent=2879"}],"wp:term":[{"taxonomy":"secteur","embeddable":true,"href":"https:\/\/amplitude-laser.com\/fr\/wp-json\/wp\/v2\/secteur?post=2879"}],"curies":[{"name":"wp","href":"https:\/\/api.w.org\/{rel}","templated":true}]}}