{"id":3050,"date":"2019-02-25T15:01:56","date_gmt":"2019-02-25T14:01:56","guid":{"rendered":"https:\/\/amplitude-laser.com\/?post_type=news&#038;p=3050"},"modified":"2025-04-18T15:54:39","modified_gmt":"2025-04-18T13:54:39","slug":"le-module-compress-devoile-a-bios-et-photonics-west-2019","status":"publish","type":"news","link":"https:\/\/amplitude-laser.com\/fr\/news\/le-module-compress-devoile-a-bios-et-photonics-west-2019\/","title":{"rendered":"Le module Compress d\u00e9voil\u00e9 \u00e0 BIOS et Photonics West 2019"},"content":{"rendered":"<p><img decoding=\"async\" class=\"size-medium wp-image-2832 alignleft\" src=\"https:\/\/amplitude-laser.com\/wp-content\/uploads\/2019\/01\/Vignette-Compress-300x212.jpg\" alt=\"\" width=\"300\" height=\"212\" srcset=\"https:\/\/amplitude-laser.com\/wp-content\/uploads\/2019\/01\/Vignette-Compress-300x212.jpg 300w, https:\/\/amplitude-laser.com\/wp-content\/uploads\/2019\/01\/Vignette-Compress.jpg 555w\" sizes=\"(max-width: 300px) 100vw, 300px\" \/>BIOS et Photonics West vont bient\u00f4t d\u00e9buter, et nous pensons que c&rsquo;est le bon moment pour vous pr\u00e9senter notre tout nouveau Compress. C&rsquo;est le premier module industriel de compression non lin\u00e9aire disponible sur le march\u00e9, vous permettant d&rsquo;atteindre une intensit\u00e9 cr\u00eate tout en r\u00e9duisant les co\u00fbts. Disponible en deux versions diff\u00e9rentes, notre module est l\u00e0 pour non seulement vous faire atteindre un r\u00e9gime de quelques dizaines de femtosecondes, mais pour transformer vos lasers Ytterbium en des sources de quelques cycles avec plus de 50% d&rsquo;efficacit\u00e9.<\/p>\n<p>Bien s\u00fbr, notre module gardera quelques avantages comme par exemple la qualit\u00e9 parfaite de faisceau ainsi qu&rsquo;une stabilit\u00e9 sur le court et long terme.<\/p>\n<p>Alors venez et rencontrez notre \u00e9quipe et notre module dans le hall sud du Centre Moscone \u00e0 BIOS et Photonics West. Nous vous attendrons au stand #8338 pendant BIOS et #1627 lors de Photonics West.<\/p>\n<p>Et si vous souhaitez apprendre plus sur la compression d&rsquo;impulsion, nous ferons une pr\u00e9sentation Salle 104 le dimanche 3 f\u00e9vrier \u00e0 17h10 intitul\u00e9 \u00ab\u00a0<span style=\"color: #000000;\">High-efficiency two-cycle ultrafast source based on hybrid nonlinear compression\u00a0\u00bb durant laquelle nous montrerons les capacit\u00e9s du Compress 50 \u00e0 rendre le laser haute \u00e9nergie fibr\u00e9 ultracourt Tangor en une source de seulement quelques cycles id\u00e9ale pour les applications d&rsquo;attoscience et g\u00e9n\u00e9ration d&rsquo;harmoniques \u00e9lev\u00e9es.\u00a0<\/span><\/p>\n<p>Alors ne manquez pas de venir voir tout cela! Et si vous voulez en apprendre plus sur le <span style=\"color: #000000;\"><a href=\"https:\/\/amplitude-laser.com\/fr\/module\/compress\/\">Compress, cliquez ici<\/a>!\u00a0<\/span><\/p>\n","protected":false},"featured_media":2830,"parent":0,"template":"","secteur":[69,66,67],"class_list":["post-3050","news","type-news","status-publish","has-post-thumbnail","hentry","secteur-general","secteur-industrie","secteur-science"],"acf":[],"yoast_head":"<!-- This site is optimized with the Yoast SEO plugin v27.5 - https:\/\/yoast.com\/product\/yoast-seo-wordpress\/ -->\n<title>Le module Compress d\u00e9voil\u00e9 \u00e0 BIOS et Photonics West 2019 - Amplitude<\/title>\n<meta name=\"robots\" content=\"index, follow, max-snippet:-1, max-image-preview:large, max-video-preview:-1\" \/>\n<link rel=\"canonical\" href=\"https:\/\/amplitude-laser.com\/fr\/news\/le-module-compress-devoile-a-bios-et-photonics-west-2019\/\" \/>\n<meta property=\"og:locale\" content=\"fr_FR\" \/>\n<meta property=\"og:type\" content=\"article\" \/>\n<meta property=\"og:title\" content=\"Le module Compress d\u00e9voil\u00e9 \u00e0 BIOS et Photonics West 2019 - Amplitude\" \/>\n<meta property=\"og:description\" content=\"BIOS et Photonics West vont bient\u00f4t d\u00e9buter, et nous pensons que c&rsquo;est le bon moment pour vous pr\u00e9senter notre tout nouveau Compress. C&rsquo;est le premier module industriel de compression non lin\u00e9aire disponible sur le march\u00e9, vous permettant d&rsquo;atteindre une intensit\u00e9 cr\u00eate tout en r\u00e9duisant les co\u00fbts. Disponible en deux versions diff\u00e9rentes, notre module est l\u00e0 [&hellip;]\" \/>\n<meta property=\"og:url\" content=\"https:\/\/amplitude-laser.com\/fr\/news\/le-module-compress-devoile-a-bios-et-photonics-west-2019\/\" \/>\n<meta property=\"og:site_name\" content=\"Amplitude\" \/>\n<meta property=\"article:modified_time\" content=\"2025-04-18T13:54:39+00:00\" \/>\n<meta property=\"og:image\" content=\"https:\/\/amplitude-laser.com\/wp-content\/uploads\/2019\/01\/Header-Compress.jpg\" \/>\n\t<meta property=\"og:image:width\" content=\"1904\" \/>\n\t<meta property=\"og:image:height\" content=\"792\" \/>\n\t<meta property=\"og:image:type\" content=\"image\/jpeg\" \/>\n<meta name=\"twitter:card\" content=\"summary_large_image\" \/>\n<meta name=\"twitter:label1\" content=\"Dur\u00e9e de lecture estim\u00e9e\" \/>\n\t<meta name=\"twitter:data1\" content=\"2 minutes\" \/>\n<script type=\"application\/ld+json\" class=\"yoast-schema-graph\">{\"@context\":\"https:\\\/\\\/schema.org\",\"@graph\":[{\"@type\":\"WebPage\",\"@id\":\"https:\\\/\\\/amplitude-laser.com\\\/fr\\\/news\\\/le-module-compress-devoile-a-bios-et-photonics-west-2019\\\/\",\"url\":\"https:\\\/\\\/amplitude-laser.com\\\/fr\\\/news\\\/le-module-compress-devoile-a-bios-et-photonics-west-2019\\\/\",\"name\":\"Le module Compress d\u00e9voil\u00e9 \u00e0 BIOS et Photonics West 2019 - Amplitude\",\"isPartOf\":{\"@id\":\"https:\\\/\\\/amplitude-laser.com\\\/#website\"},\"primaryImageOfPage\":{\"@id\":\"https:\\\/\\\/amplitude-laser.com\\\/fr\\\/news\\\/le-module-compress-devoile-a-bios-et-photonics-west-2019\\\/#primaryimage\"},\"image\":{\"@id\":\"https:\\\/\\\/amplitude-laser.com\\\/fr\\\/news\\\/le-module-compress-devoile-a-bios-et-photonics-west-2019\\\/#primaryimage\"},\"thumbnailUrl\":\"https:\\\/\\\/amplitude-laser.com\\\/wp-content\\\/uploads\\\/2019\\\/01\\\/Header-Compress.jpg\",\"datePublished\":\"2019-02-25T14:01:56+00:00\",\"dateModified\":\"2025-04-18T13:54:39+00:00\",\"breadcrumb\":{\"@id\":\"https:\\\/\\\/amplitude-laser.com\\\/fr\\\/news\\\/le-module-compress-devoile-a-bios-et-photonics-west-2019\\\/#breadcrumb\"},\"inLanguage\":\"fr-FR\",\"potentialAction\":[{\"@type\":\"ReadAction\",\"target\":[\"https:\\\/\\\/amplitude-laser.com\\\/fr\\\/news\\\/le-module-compress-devoile-a-bios-et-photonics-west-2019\\\/\"]}]},{\"@type\":\"ImageObject\",\"inLanguage\":\"fr-FR\",\"@id\":\"https:\\\/\\\/amplitude-laser.com\\\/fr\\\/news\\\/le-module-compress-devoile-a-bios-et-photonics-west-2019\\\/#primaryimage\",\"url\":\"https:\\\/\\\/amplitude-laser.com\\\/wp-content\\\/uploads\\\/2019\\\/01\\\/Header-Compress.jpg\",\"contentUrl\":\"https:\\\/\\\/amplitude-laser.com\\\/wp-content\\\/uploads\\\/2019\\\/01\\\/Header-Compress.jpg\",\"width\":1904,\"height\":792,\"caption\":\"Header Compress\"},{\"@type\":\"BreadcrumbList\",\"@id\":\"https:\\\/\\\/amplitude-laser.com\\\/fr\\\/news\\\/le-module-compress-devoile-a-bios-et-photonics-west-2019\\\/#breadcrumb\",\"itemListElement\":[{\"@type\":\"ListItem\",\"position\":1,\"name\":\"Home\",\"item\":\"https:\\\/\\\/amplitude-laser.com\\\/fr\\\/\"},{\"@type\":\"ListItem\",\"position\":2,\"name\":\"News\",\"item\":\"https:\\\/\\\/amplitude-laser.com\\\/news\\\/\"},{\"@type\":\"ListItem\",\"position\":3,\"name\":\"Le module Compress d\u00e9voil\u00e9 \u00e0 BIOS et Photonics West 2019\"}]},{\"@type\":\"WebSite\",\"@id\":\"https:\\\/\\\/amplitude-laser.com\\\/#website\",\"url\":\"https:\\\/\\\/amplitude-laser.com\\\/\",\"name\":\"Amplitude\",\"description\":\"Nothing But Ultrafast\",\"publisher\":{\"@id\":\"https:\\\/\\\/amplitude-laser.com\\\/#organization\"},\"alternateName\":\"Amplitude Laser\",\"potentialAction\":[{\"@type\":\"SearchAction\",\"target\":{\"@type\":\"EntryPoint\",\"urlTemplate\":\"https:\\\/\\\/amplitude-laser.com\\\/?s={search_term_string}\"},\"query-input\":{\"@type\":\"PropertyValueSpecification\",\"valueRequired\":true,\"valueName\":\"search_term_string\"}}],\"inLanguage\":\"fr-FR\"},{\"@type\":\"Organization\",\"@id\":\"https:\\\/\\\/amplitude-laser.com\\\/#organization\",\"name\":\"Amplitude Laser\",\"alternateName\":\"Amplitude\",\"url\":\"https:\\\/\\\/amplitude-laser.com\\\/\",\"logo\":{\"@type\":\"ImageObject\",\"inLanguage\":\"fr-FR\",\"@id\":\"https:\\\/\\\/amplitude-laser.com\\\/#\\\/schema\\\/logo\\\/image\\\/\",\"url\":\"https:\\\/\\\/amplitude-laser.com\\\/wp-content\\\/uploads\\\/2018\\\/10\\\/Amplitude.png\",\"contentUrl\":\"https:\\\/\\\/amplitude-laser.com\\\/wp-content\\\/uploads\\\/2018\\\/10\\\/Amplitude.png\",\"width\":999,\"height\":1182,\"caption\":\"Amplitude Laser\"},\"image\":{\"@id\":\"https:\\\/\\\/amplitude-laser.com\\\/#\\\/schema\\\/logo\\\/image\\\/\"}}]}<\/script>\n<!-- \/ Yoast SEO plugin. -->","yoast_head_json":{"title":"Le module Compress d\u00e9voil\u00e9 \u00e0 BIOS et Photonics West 2019 - Amplitude","robots":{"index":"index","follow":"follow","max-snippet":"max-snippet:-1","max-image-preview":"max-image-preview:large","max-video-preview":"max-video-preview:-1"},"canonical":"https:\/\/amplitude-laser.com\/fr\/news\/le-module-compress-devoile-a-bios-et-photonics-west-2019\/","og_locale":"fr_FR","og_type":"article","og_title":"Le module Compress d\u00e9voil\u00e9 \u00e0 BIOS et Photonics West 2019 - Amplitude","og_description":"BIOS et Photonics West vont bient\u00f4t d\u00e9buter, et nous pensons que c&rsquo;est le bon moment pour vous pr\u00e9senter notre tout nouveau Compress. C&rsquo;est le premier module industriel de compression non lin\u00e9aire disponible sur le march\u00e9, vous permettant d&rsquo;atteindre une intensit\u00e9 cr\u00eate tout en r\u00e9duisant les co\u00fbts. Disponible en deux versions diff\u00e9rentes, notre module est l\u00e0 [&hellip;]","og_url":"https:\/\/amplitude-laser.com\/fr\/news\/le-module-compress-devoile-a-bios-et-photonics-west-2019\/","og_site_name":"Amplitude","article_modified_time":"2025-04-18T13:54:39+00:00","og_image":[{"width":1904,"height":792,"url":"https:\/\/amplitude-laser.com\/wp-content\/uploads\/2019\/01\/Header-Compress.jpg","type":"image\/jpeg"}],"twitter_card":"summary_large_image","twitter_misc":{"Dur\u00e9e de lecture estim\u00e9e":"2 minutes"},"schema":{"@context":"https:\/\/schema.org","@graph":[{"@type":"WebPage","@id":"https:\/\/amplitude-laser.com\/fr\/news\/le-module-compress-devoile-a-bios-et-photonics-west-2019\/","url":"https:\/\/amplitude-laser.com\/fr\/news\/le-module-compress-devoile-a-bios-et-photonics-west-2019\/","name":"Le module Compress d\u00e9voil\u00e9 \u00e0 BIOS et Photonics West 2019 - Amplitude","isPartOf":{"@id":"https:\/\/amplitude-laser.com\/#website"},"primaryImageOfPage":{"@id":"https:\/\/amplitude-laser.com\/fr\/news\/le-module-compress-devoile-a-bios-et-photonics-west-2019\/#primaryimage"},"image":{"@id":"https:\/\/amplitude-laser.com\/fr\/news\/le-module-compress-devoile-a-bios-et-photonics-west-2019\/#primaryimage"},"thumbnailUrl":"https:\/\/amplitude-laser.com\/wp-content\/uploads\/2019\/01\/Header-Compress.jpg","datePublished":"2019-02-25T14:01:56+00:00","dateModified":"2025-04-18T13:54:39+00:00","breadcrumb":{"@id":"https:\/\/amplitude-laser.com\/fr\/news\/le-module-compress-devoile-a-bios-et-photonics-west-2019\/#breadcrumb"},"inLanguage":"fr-FR","potentialAction":[{"@type":"ReadAction","target":["https:\/\/amplitude-laser.com\/fr\/news\/le-module-compress-devoile-a-bios-et-photonics-west-2019\/"]}]},{"@type":"ImageObject","inLanguage":"fr-FR","@id":"https:\/\/amplitude-laser.com\/fr\/news\/le-module-compress-devoile-a-bios-et-photonics-west-2019\/#primaryimage","url":"https:\/\/amplitude-laser.com\/wp-content\/uploads\/2019\/01\/Header-Compress.jpg","contentUrl":"https:\/\/amplitude-laser.com\/wp-content\/uploads\/2019\/01\/Header-Compress.jpg","width":1904,"height":792,"caption":"Header Compress"},{"@type":"BreadcrumbList","@id":"https:\/\/amplitude-laser.com\/fr\/news\/le-module-compress-devoile-a-bios-et-photonics-west-2019\/#breadcrumb","itemListElement":[{"@type":"ListItem","position":1,"name":"Home","item":"https:\/\/amplitude-laser.com\/fr\/"},{"@type":"ListItem","position":2,"name":"News","item":"https:\/\/amplitude-laser.com\/news\/"},{"@type":"ListItem","position":3,"name":"Le module Compress d\u00e9voil\u00e9 \u00e0 BIOS et Photonics West 2019"}]},{"@type":"WebSite","@id":"https:\/\/amplitude-laser.com\/#website","url":"https:\/\/amplitude-laser.com\/","name":"Amplitude","description":"Nothing But Ultrafast","publisher":{"@id":"https:\/\/amplitude-laser.com\/#organization"},"alternateName":"Amplitude Laser","potentialAction":[{"@type":"SearchAction","target":{"@type":"EntryPoint","urlTemplate":"https:\/\/amplitude-laser.com\/?s={search_term_string}"},"query-input":{"@type":"PropertyValueSpecification","valueRequired":true,"valueName":"search_term_string"}}],"inLanguage":"fr-FR"},{"@type":"Organization","@id":"https:\/\/amplitude-laser.com\/#organization","name":"Amplitude Laser","alternateName":"Amplitude","url":"https:\/\/amplitude-laser.com\/","logo":{"@type":"ImageObject","inLanguage":"fr-FR","@id":"https:\/\/amplitude-laser.com\/#\/schema\/logo\/image\/","url":"https:\/\/amplitude-laser.com\/wp-content\/uploads\/2018\/10\/Amplitude.png","contentUrl":"https:\/\/amplitude-laser.com\/wp-content\/uploads\/2018\/10\/Amplitude.png","width":999,"height":1182,"caption":"Amplitude Laser"},"image":{"@id":"https:\/\/amplitude-laser.com\/#\/schema\/logo\/image\/"}}]}},"_links":{"self":[{"href":"https:\/\/amplitude-laser.com\/fr\/wp-json\/wp\/v2\/news\/3050","targetHints":{"allow":["GET"]}}],"collection":[{"href":"https:\/\/amplitude-laser.com\/fr\/wp-json\/wp\/v2\/news"}],"about":[{"href":"https:\/\/amplitude-laser.com\/fr\/wp-json\/wp\/v2\/types\/news"}],"wp:featuredmedia":[{"embeddable":true,"href":"https:\/\/amplitude-laser.com\/fr\/wp-json\/wp\/v2\/media\/2830"}],"wp:attachment":[{"href":"https:\/\/amplitude-laser.com\/fr\/wp-json\/wp\/v2\/media?parent=3050"}],"wp:term":[{"taxonomy":"secteur","embeddable":true,"href":"https:\/\/amplitude-laser.com\/fr\/wp-json\/wp\/v2\/secteur?post=3050"}],"curies":[{"name":"wp","href":"https:\/\/api.w.org\/{rel}","templated":true}]}}