{"id":3370,"date":"2019-06-12T12:03:19","date_gmt":"2019-06-12T10:03:19","guid":{"rendered":"https:\/\/amplitude-laser.com\/?post_type=news&#038;p=3370"},"modified":"2019-06-17T17:43:41","modified_gmt":"2019-06-17T15:43:41","slug":"laser-ajustable-pour-de-la-neuro-imagerie-installe-a-luniversite-doxford","status":"publish","type":"news","link":"https:\/\/amplitude-laser.com\/fr\/news\/laser-ajustable-pour-de-la-neuro-imagerie-installe-a-luniversite-doxford\/","title":{"rendered":"Laser ajustable pour de la neuro-imagerie install\u00e9 \u00e0 l&rsquo;Universit\u00e9 d&rsquo;Oxford"},"content":{"rendered":"<p><img decoding=\"async\" class=\"alignleft wp-image-3369\" src=\"https:\/\/amplitude-laser.com\/wp-content\/uploads\/2019\/06\/DSC_0523-COPIE-300x225.jpg\" alt=\"\" width=\"251\" height=\"188\" srcset=\"https:\/\/amplitude-laser.com\/wp-content\/uploads\/2019\/06\/DSC_0523-COPIE-300x225.jpg 300w, https:\/\/amplitude-laser.com\/wp-content\/uploads\/2019\/06\/DSC_0523-COPIE.jpg 400w\" sizes=\"(max-width: 251px) 100vw, 251px\" \/>Adam Packer est un chercheur en neuroscience bas\u00e9 \u00e0 Oxford. Avec ses 5 \u00e9tudiants, il essaie de comprendre, au travers de nouvelles m\u00e9thodes impliquant l&rsquo;usage de lasers, comment les neurones avec des signatures fonctionnelles diff\u00e9rentes renversent la perception.<\/p>\n<p>Amplitude Laser est fier de prendre part \u00e0 ses recherches gr\u00e2ce \u00e0 l&rsquo;installation d&rsquo;un Satsuma et MangoSP dans le laboratoire d&rsquo;Adam \u00e0 l&rsquo;universit\u00e9 d&rsquo;Oxford.<\/p>\n<p>Nos syst\u00e8mes seront plus pr\u00e9cis\u00e9ment utilis\u00e9 pour l&rsquo;imagerie en profondeur \u00e0 3-photon ainsi que pour la photostimulation \u00e0 2-photon d&rsquo;un grand nombre de neurones.<\/p>\n<p>Nous sommes tr\u00e8s excit\u00e9s et attendons avec grande impatience de voir ce qu&rsquo;Adam va pouvoir apporter \u00e0 la Science.<\/p>\n<p>Si vous souhaitez en savoir plus sur les recherches d&rsquo;Adam Packer, <a href=\"https:\/\/www.dpag.ox.ac.uk\/research\/packer-group\">c&rsquo;est par ici.<\/a><\/p>\n","protected":false},"featured_media":2676,"parent":0,"template":"","secteur":[67],"class_list":["post-3370","news","type-news","status-publish","has-post-thumbnail","hentry","secteur-science"],"acf":[],"yoast_head":"<!-- This site is optimized with the Yoast SEO plugin v27.5 - https:\/\/yoast.com\/product\/yoast-seo-wordpress\/ -->\n<title>Laser ajustable pour de la neuro-imagerie install\u00e9 \u00e0 l&#039;Universit\u00e9 d&#039;Oxford - Amplitude<\/title>\n<meta name=\"robots\" content=\"index, follow, max-snippet:-1, max-image-preview:large, max-video-preview:-1\" \/>\n<link rel=\"canonical\" href=\"https:\/\/amplitude-laser.com\/fr\/news\/laser-ajustable-pour-de-la-neuro-imagerie-installe-a-luniversite-doxford\/\" \/>\n<meta property=\"og:locale\" content=\"fr_FR\" \/>\n<meta property=\"og:type\" content=\"article\" \/>\n<meta property=\"og:title\" content=\"Laser ajustable pour de la neuro-imagerie install\u00e9 \u00e0 l&#039;Universit\u00e9 d&#039;Oxford - Amplitude\" \/>\n<meta property=\"og:description\" content=\"Adam Packer est un chercheur en neuroscience bas\u00e9 \u00e0 Oxford. Avec ses 5 \u00e9tudiants, il essaie de comprendre, au travers de nouvelles m\u00e9thodes impliquant l&rsquo;usage de lasers, comment les neurones avec des signatures fonctionnelles diff\u00e9rentes renversent la perception. Amplitude Laser est fier de prendre part \u00e0 ses recherches gr\u00e2ce \u00e0 l&rsquo;installation d&rsquo;un Satsuma et MangoSP [&hellip;]\" \/>\n<meta property=\"og:url\" content=\"https:\/\/amplitude-laser.com\/fr\/news\/laser-ajustable-pour-de-la-neuro-imagerie-installe-a-luniversite-doxford\/\" \/>\n<meta property=\"og:site_name\" content=\"Amplitude\" \/>\n<meta property=\"article:modified_time\" content=\"2019-06-17T15:43:41+00:00\" \/>\n<meta property=\"og:image\" content=\"https:\/\/amplitude-laser.com\/wp-content\/uploads\/2018\/10\/Headers-actualit\u00e9-par-d\u00e9faut.jpg\" \/>\n\t<meta property=\"og:image:width\" content=\"1904\" \/>\n\t<meta property=\"og:image:height\" content=\"792\" \/>\n\t<meta property=\"og:image:type\" content=\"image\/jpeg\" \/>\n<meta name=\"twitter:card\" content=\"summary_large_image\" \/>\n<meta name=\"twitter:label1\" content=\"Dur\u00e9e de lecture estim\u00e9e\" \/>\n\t<meta name=\"twitter:data1\" content=\"1 minute\" \/>\n<script type=\"application\/ld+json\" class=\"yoast-schema-graph\">{\"@context\":\"https:\\\/\\\/schema.org\",\"@graph\":[{\"@type\":\"WebPage\",\"@id\":\"https:\\\/\\\/amplitude-laser.com\\\/fr\\\/news\\\/laser-ajustable-pour-de-la-neuro-imagerie-installe-a-luniversite-doxford\\\/\",\"url\":\"https:\\\/\\\/amplitude-laser.com\\\/fr\\\/news\\\/laser-ajustable-pour-de-la-neuro-imagerie-installe-a-luniversite-doxford\\\/\",\"name\":\"Laser ajustable pour de la neuro-imagerie install\u00e9 \u00e0 l'Universit\u00e9 d'Oxford - Amplitude\",\"isPartOf\":{\"@id\":\"https:\\\/\\\/amplitude-laser.com\\\/#website\"},\"primaryImageOfPage\":{\"@id\":\"https:\\\/\\\/amplitude-laser.com\\\/fr\\\/news\\\/laser-ajustable-pour-de-la-neuro-imagerie-installe-a-luniversite-doxford\\\/#primaryimage\"},\"image\":{\"@id\":\"https:\\\/\\\/amplitude-laser.com\\\/fr\\\/news\\\/laser-ajustable-pour-de-la-neuro-imagerie-installe-a-luniversite-doxford\\\/#primaryimage\"},\"thumbnailUrl\":\"https:\\\/\\\/amplitude-laser.com\\\/wp-content\\\/uploads\\\/2018\\\/10\\\/Headers-actualit\u00e9-par-d\u00e9faut.jpg\",\"datePublished\":\"2019-06-12T10:03:19+00:00\",\"dateModified\":\"2019-06-17T15:43:41+00:00\",\"breadcrumb\":{\"@id\":\"https:\\\/\\\/amplitude-laser.com\\\/fr\\\/news\\\/laser-ajustable-pour-de-la-neuro-imagerie-installe-a-luniversite-doxford\\\/#breadcrumb\"},\"inLanguage\":\"fr-FR\",\"potentialAction\":[{\"@type\":\"ReadAction\",\"target\":[\"https:\\\/\\\/amplitude-laser.com\\\/fr\\\/news\\\/laser-ajustable-pour-de-la-neuro-imagerie-installe-a-luniversite-doxford\\\/\"]}]},{\"@type\":\"ImageObject\",\"inLanguage\":\"fr-FR\",\"@id\":\"https:\\\/\\\/amplitude-laser.com\\\/fr\\\/news\\\/laser-ajustable-pour-de-la-neuro-imagerie-installe-a-luniversite-doxford\\\/#primaryimage\",\"url\":\"https:\\\/\\\/amplitude-laser.com\\\/wp-content\\\/uploads\\\/2018\\\/10\\\/Headers-actualit\u00e9-par-d\u00e9faut.jpg\",\"contentUrl\":\"https:\\\/\\\/amplitude-laser.com\\\/wp-content\\\/uploads\\\/2018\\\/10\\\/Headers-actualit\u00e9-par-d\u00e9faut.jpg\",\"width\":1904,\"height\":792},{\"@type\":\"BreadcrumbList\",\"@id\":\"https:\\\/\\\/amplitude-laser.com\\\/fr\\\/news\\\/laser-ajustable-pour-de-la-neuro-imagerie-installe-a-luniversite-doxford\\\/#breadcrumb\",\"itemListElement\":[{\"@type\":\"ListItem\",\"position\":1,\"name\":\"Home\",\"item\":\"https:\\\/\\\/amplitude-laser.com\\\/fr\\\/\"},{\"@type\":\"ListItem\",\"position\":2,\"name\":\"News\",\"item\":\"https:\\\/\\\/amplitude-laser.com\\\/news\\\/\"},{\"@type\":\"ListItem\",\"position\":3,\"name\":\"Laser ajustable pour de la neuro-imagerie install\u00e9 \u00e0 l&#8217;Universit\u00e9 d&#8217;Oxford\"}]},{\"@type\":\"WebSite\",\"@id\":\"https:\\\/\\\/amplitude-laser.com\\\/#website\",\"url\":\"https:\\\/\\\/amplitude-laser.com\\\/\",\"name\":\"Amplitude\",\"description\":\"Nothing But Ultrafast\",\"publisher\":{\"@id\":\"https:\\\/\\\/amplitude-laser.com\\\/#organization\"},\"alternateName\":\"Amplitude Laser\",\"potentialAction\":[{\"@type\":\"SearchAction\",\"target\":{\"@type\":\"EntryPoint\",\"urlTemplate\":\"https:\\\/\\\/amplitude-laser.com\\\/?s={search_term_string}\"},\"query-input\":{\"@type\":\"PropertyValueSpecification\",\"valueRequired\":true,\"valueName\":\"search_term_string\"}}],\"inLanguage\":\"fr-FR\"},{\"@type\":\"Organization\",\"@id\":\"https:\\\/\\\/amplitude-laser.com\\\/#organization\",\"name\":\"Amplitude Laser\",\"alternateName\":\"Amplitude\",\"url\":\"https:\\\/\\\/amplitude-laser.com\\\/\",\"logo\":{\"@type\":\"ImageObject\",\"inLanguage\":\"fr-FR\",\"@id\":\"https:\\\/\\\/amplitude-laser.com\\\/#\\\/schema\\\/logo\\\/image\\\/\",\"url\":\"https:\\\/\\\/amplitude-laser.com\\\/wp-content\\\/uploads\\\/2018\\\/10\\\/Amplitude.png\",\"contentUrl\":\"https:\\\/\\\/amplitude-laser.com\\\/wp-content\\\/uploads\\\/2018\\\/10\\\/Amplitude.png\",\"width\":999,\"height\":1182,\"caption\":\"Amplitude Laser\"},\"image\":{\"@id\":\"https:\\\/\\\/amplitude-laser.com\\\/#\\\/schema\\\/logo\\\/image\\\/\"}}]}<\/script>\n<!-- \/ Yoast SEO plugin. -->","yoast_head_json":{"title":"Laser ajustable pour de la neuro-imagerie install\u00e9 \u00e0 l'Universit\u00e9 d'Oxford - Amplitude","robots":{"index":"index","follow":"follow","max-snippet":"max-snippet:-1","max-image-preview":"max-image-preview:large","max-video-preview":"max-video-preview:-1"},"canonical":"https:\/\/amplitude-laser.com\/fr\/news\/laser-ajustable-pour-de-la-neuro-imagerie-installe-a-luniversite-doxford\/","og_locale":"fr_FR","og_type":"article","og_title":"Laser ajustable pour de la neuro-imagerie install\u00e9 \u00e0 l'Universit\u00e9 d'Oxford - Amplitude","og_description":"Adam Packer est un chercheur en neuroscience bas\u00e9 \u00e0 Oxford. Avec ses 5 \u00e9tudiants, il essaie de comprendre, au travers de nouvelles m\u00e9thodes impliquant l&rsquo;usage de lasers, comment les neurones avec des signatures fonctionnelles diff\u00e9rentes renversent la perception. Amplitude Laser est fier de prendre part \u00e0 ses recherches gr\u00e2ce \u00e0 l&rsquo;installation d&rsquo;un Satsuma et MangoSP [&hellip;]","og_url":"https:\/\/amplitude-laser.com\/fr\/news\/laser-ajustable-pour-de-la-neuro-imagerie-installe-a-luniversite-doxford\/","og_site_name":"Amplitude","article_modified_time":"2019-06-17T15:43:41+00:00","og_image":[{"width":1904,"height":792,"url":"https:\/\/amplitude-laser.com\/wp-content\/uploads\/2018\/10\/Headers-actualit\u00e9-par-d\u00e9faut.jpg","type":"image\/jpeg"}],"twitter_card":"summary_large_image","twitter_misc":{"Dur\u00e9e de lecture estim\u00e9e":"1 minute"},"schema":{"@context":"https:\/\/schema.org","@graph":[{"@type":"WebPage","@id":"https:\/\/amplitude-laser.com\/fr\/news\/laser-ajustable-pour-de-la-neuro-imagerie-installe-a-luniversite-doxford\/","url":"https:\/\/amplitude-laser.com\/fr\/news\/laser-ajustable-pour-de-la-neuro-imagerie-installe-a-luniversite-doxford\/","name":"Laser ajustable pour de la neuro-imagerie install\u00e9 \u00e0 l'Universit\u00e9 d'Oxford - Amplitude","isPartOf":{"@id":"https:\/\/amplitude-laser.com\/#website"},"primaryImageOfPage":{"@id":"https:\/\/amplitude-laser.com\/fr\/news\/laser-ajustable-pour-de-la-neuro-imagerie-installe-a-luniversite-doxford\/#primaryimage"},"image":{"@id":"https:\/\/amplitude-laser.com\/fr\/news\/laser-ajustable-pour-de-la-neuro-imagerie-installe-a-luniversite-doxford\/#primaryimage"},"thumbnailUrl":"https:\/\/amplitude-laser.com\/wp-content\/uploads\/2018\/10\/Headers-actualit\u00e9-par-d\u00e9faut.jpg","datePublished":"2019-06-12T10:03:19+00:00","dateModified":"2019-06-17T15:43:41+00:00","breadcrumb":{"@id":"https:\/\/amplitude-laser.com\/fr\/news\/laser-ajustable-pour-de-la-neuro-imagerie-installe-a-luniversite-doxford\/#breadcrumb"},"inLanguage":"fr-FR","potentialAction":[{"@type":"ReadAction","target":["https:\/\/amplitude-laser.com\/fr\/news\/laser-ajustable-pour-de-la-neuro-imagerie-installe-a-luniversite-doxford\/"]}]},{"@type":"ImageObject","inLanguage":"fr-FR","@id":"https:\/\/amplitude-laser.com\/fr\/news\/laser-ajustable-pour-de-la-neuro-imagerie-installe-a-luniversite-doxford\/#primaryimage","url":"https:\/\/amplitude-laser.com\/wp-content\/uploads\/2018\/10\/Headers-actualit\u00e9-par-d\u00e9faut.jpg","contentUrl":"https:\/\/amplitude-laser.com\/wp-content\/uploads\/2018\/10\/Headers-actualit\u00e9-par-d\u00e9faut.jpg","width":1904,"height":792},{"@type":"BreadcrumbList","@id":"https:\/\/amplitude-laser.com\/fr\/news\/laser-ajustable-pour-de-la-neuro-imagerie-installe-a-luniversite-doxford\/#breadcrumb","itemListElement":[{"@type":"ListItem","position":1,"name":"Home","item":"https:\/\/amplitude-laser.com\/fr\/"},{"@type":"ListItem","position":2,"name":"News","item":"https:\/\/amplitude-laser.com\/news\/"},{"@type":"ListItem","position":3,"name":"Laser ajustable pour de la neuro-imagerie install\u00e9 \u00e0 l&#8217;Universit\u00e9 d&#8217;Oxford"}]},{"@type":"WebSite","@id":"https:\/\/amplitude-laser.com\/#website","url":"https:\/\/amplitude-laser.com\/","name":"Amplitude","description":"Nothing But Ultrafast","publisher":{"@id":"https:\/\/amplitude-laser.com\/#organization"},"alternateName":"Amplitude Laser","potentialAction":[{"@type":"SearchAction","target":{"@type":"EntryPoint","urlTemplate":"https:\/\/amplitude-laser.com\/?s={search_term_string}"},"query-input":{"@type":"PropertyValueSpecification","valueRequired":true,"valueName":"search_term_string"}}],"inLanguage":"fr-FR"},{"@type":"Organization","@id":"https:\/\/amplitude-laser.com\/#organization","name":"Amplitude Laser","alternateName":"Amplitude","url":"https:\/\/amplitude-laser.com\/","logo":{"@type":"ImageObject","inLanguage":"fr-FR","@id":"https:\/\/amplitude-laser.com\/#\/schema\/logo\/image\/","url":"https:\/\/amplitude-laser.com\/wp-content\/uploads\/2018\/10\/Amplitude.png","contentUrl":"https:\/\/amplitude-laser.com\/wp-content\/uploads\/2018\/10\/Amplitude.png","width":999,"height":1182,"caption":"Amplitude Laser"},"image":{"@id":"https:\/\/amplitude-laser.com\/#\/schema\/logo\/image\/"}}]}},"_links":{"self":[{"href":"https:\/\/amplitude-laser.com\/fr\/wp-json\/wp\/v2\/news\/3370","targetHints":{"allow":["GET"]}}],"collection":[{"href":"https:\/\/amplitude-laser.com\/fr\/wp-json\/wp\/v2\/news"}],"about":[{"href":"https:\/\/amplitude-laser.com\/fr\/wp-json\/wp\/v2\/types\/news"}],"wp:featuredmedia":[{"embeddable":true,"href":"https:\/\/amplitude-laser.com\/fr\/wp-json\/wp\/v2\/media\/2676"}],"wp:attachment":[{"href":"https:\/\/amplitude-laser.com\/fr\/wp-json\/wp\/v2\/media?parent=3370"}],"wp:term":[{"taxonomy":"secteur","embeddable":true,"href":"https:\/\/amplitude-laser.com\/fr\/wp-json\/wp\/v2\/secteur?post=3370"}],"curies":[{"name":"wp","href":"https:\/\/api.w.org\/{rel}","templated":true}]}}