{"id":5119,"date":"2020-09-23T12:49:16","date_gmt":"2020-09-23T10:49:16","guid":{"rendered":"https:\/\/amplitude-laser.com\/?post_type=news&#038;p=5119"},"modified":"2020-09-23T12:50:47","modified_gmt":"2020-09-23T10:50:47","slug":"responsable-commerce-science-recherche","status":"publish","type":"news","link":"https:\/\/amplitude-laser.com\/fr\/news\/responsable-commerce-science-recherche\/","title":{"rendered":"Responsable des ventes science recherch\u00e9!"},"content":{"rendered":"<p><img decoding=\"async\" class=\"size-medium wp-image-5117 alignleft\" style=\"font-size: 15px;\" src=\"https:\/\/amplitude-laser.com\/wp-content\/uploads\/2020\/09\/Amplitude-Lisses-signaletique-1-300x225.jpg\" alt=\"Entr\u00e9e site de production de Lisses\" width=\"300\" height=\"225\" srcset=\"https:\/\/amplitude-laser.com\/wp-content\/uploads\/2020\/09\/Amplitude-Lisses-signaletique-1-300x225.jpg 300w, https:\/\/amplitude-laser.com\/wp-content\/uploads\/2020\/09\/Amplitude-Lisses-signaletique-1-1024x768.jpg 1024w, https:\/\/amplitude-laser.com\/wp-content\/uploads\/2020\/09\/Amplitude-Lisses-signaletique-1-768x576.jpg 768w, https:\/\/amplitude-laser.com\/wp-content\/uploads\/2020\/09\/Amplitude-Lisses-signaletique-1-1536x1152.jpg 1536w, https:\/\/amplitude-laser.com\/wp-content\/uploads\/2020\/09\/Amplitude-Lisses-signaletique-1-2048x1536.jpg 2048w, https:\/\/amplitude-laser.com\/wp-content\/uploads\/2020\/09\/Amplitude-Lisses-signaletique-1-scaled.jpg 1920w\" sizes=\"(max-width: 300px) 100vw, 300px\" \/><\/p>\n<p>Nous recherchons un responsable des ventes pour nos march\u00e9s li\u00e9s aux projets scientifiques et de grandes envergures au sein de l&rsquo;Europe.<\/p>\n<p>Le poste est bas\u00e9 \u00e0 notre site de production de Lisses et comprend des missions int\u00e9ressantes tels que la visite de prospects (universit\u00e9es, centres de recherche, entreprises diverses, etc.) ou aussi la participation dans des \u00e9v\u00e8nements pour d\u00e9velopper notre r\u00e9seau de contacts dans le monde du laser et de la photonique: s\u00e9minaires, congr\u00e8s, conf\u00e9rences, etc.<\/p>\n<p><a href=\"https:\/\/amplitude-laser.talentview.io\/jobs\/x0ffu1\">Cliquez ici pour plus de d\u00e9tails sur cette offre d&#8217;emploi!<\/a><br \/>\n<a href=\"https:\/\/amplitude-laser.com\/fr\/a-propos\/\">Cliquez ici pour plus de d\u00e9tails sur Amplitude!<\/a><\/p>\n","protected":false},"featured_media":3819,"parent":0,"template":"","secteur":[69],"class_list":["post-5119","news","type-news","status-publish","has-post-thumbnail","hentry","secteur-general"],"acf":[],"yoast_head":"<!-- This site is optimized with the Yoast SEO plugin v27.5 - https:\/\/yoast.com\/product\/yoast-seo-wordpress\/ -->\n<title>Responsable des ventes science recherch\u00e9! - Amplitude<\/title>\n<meta name=\"robots\" content=\"index, follow, max-snippet:-1, max-image-preview:large, max-video-preview:-1\" \/>\n<link rel=\"canonical\" href=\"https:\/\/amplitude-laser.com\/fr\/news\/responsable-commerce-science-recherche\/\" \/>\n<meta property=\"og:locale\" content=\"fr_FR\" \/>\n<meta property=\"og:type\" content=\"article\" \/>\n<meta property=\"og:title\" content=\"Responsable des ventes science recherch\u00e9! - Amplitude\" \/>\n<meta property=\"og:description\" content=\"Nous recherchons un responsable des ventes pour nos march\u00e9s li\u00e9s aux projets scientifiques et de grandes envergures au sein de l&rsquo;Europe. Le poste est bas\u00e9 \u00e0 notre site de production de Lisses et comprend des missions int\u00e9ressantes tels que la visite de prospects (universit\u00e9es, centres de recherche, entreprises diverses, etc.) ou aussi la participation dans [&hellip;]\" \/>\n<meta property=\"og:url\" content=\"https:\/\/amplitude-laser.com\/fr\/news\/responsable-commerce-science-recherche\/\" \/>\n<meta property=\"og:site_name\" content=\"Amplitude\" \/>\n<meta property=\"article:modified_time\" content=\"2020-09-23T10:50:47+00:00\" \/>\n<meta property=\"og:image\" content=\"https:\/\/amplitude-laser.com\/wp-content\/uploads\/2019\/11\/Header-Page-News-v4.jpg\" \/>\n\t<meta property=\"og:image:width\" content=\"1920\" \/>\n\t<meta property=\"og:image:height\" content=\"799\" \/>\n\t<meta property=\"og:image:type\" content=\"image\/jpeg\" \/>\n<meta name=\"twitter:card\" content=\"summary_large_image\" \/>\n<meta name=\"twitter:label1\" content=\"Dur\u00e9e de lecture estim\u00e9e\" \/>\n\t<meta name=\"twitter:data1\" content=\"1 minute\" \/>\n<script type=\"application\/ld+json\" class=\"yoast-schema-graph\">{\"@context\":\"https:\\\/\\\/schema.org\",\"@graph\":[{\"@type\":\"WebPage\",\"@id\":\"https:\\\/\\\/amplitude-laser.com\\\/fr\\\/news\\\/responsable-commerce-science-recherche\\\/\",\"url\":\"https:\\\/\\\/amplitude-laser.com\\\/fr\\\/news\\\/responsable-commerce-science-recherche\\\/\",\"name\":\"Responsable des ventes science recherch\u00e9! - Amplitude\",\"isPartOf\":{\"@id\":\"https:\\\/\\\/amplitude-laser.com\\\/#website\"},\"primaryImageOfPage\":{\"@id\":\"https:\\\/\\\/amplitude-laser.com\\\/fr\\\/news\\\/responsable-commerce-science-recherche\\\/#primaryimage\"},\"image\":{\"@id\":\"https:\\\/\\\/amplitude-laser.com\\\/fr\\\/news\\\/responsable-commerce-science-recherche\\\/#primaryimage\"},\"thumbnailUrl\":\"https:\\\/\\\/amplitude-laser.com\\\/wp-content\\\/uploads\\\/2019\\\/11\\\/Header-Page-News-v4.jpg\",\"datePublished\":\"2020-09-23T10:49:16+00:00\",\"dateModified\":\"2020-09-23T10:50:47+00:00\",\"breadcrumb\":{\"@id\":\"https:\\\/\\\/amplitude-laser.com\\\/fr\\\/news\\\/responsable-commerce-science-recherche\\\/#breadcrumb\"},\"inLanguage\":\"fr-FR\",\"potentialAction\":[{\"@type\":\"ReadAction\",\"target\":[\"https:\\\/\\\/amplitude-laser.com\\\/fr\\\/news\\\/responsable-commerce-science-recherche\\\/\"]}]},{\"@type\":\"ImageObject\",\"inLanguage\":\"fr-FR\",\"@id\":\"https:\\\/\\\/amplitude-laser.com\\\/fr\\\/news\\\/responsable-commerce-science-recherche\\\/#primaryimage\",\"url\":\"https:\\\/\\\/amplitude-laser.com\\\/wp-content\\\/uploads\\\/2019\\\/11\\\/Header-Page-News-v4.jpg\",\"contentUrl\":\"https:\\\/\\\/amplitude-laser.com\\\/wp-content\\\/uploads\\\/2019\\\/11\\\/Header-Page-News-v4.jpg\",\"width\":1920,\"height\":799,\"caption\":\"Image news standard\"},{\"@type\":\"BreadcrumbList\",\"@id\":\"https:\\\/\\\/amplitude-laser.com\\\/fr\\\/news\\\/responsable-commerce-science-recherche\\\/#breadcrumb\",\"itemListElement\":[{\"@type\":\"ListItem\",\"position\":1,\"name\":\"Home\",\"item\":\"https:\\\/\\\/amplitude-laser.com\\\/fr\\\/\"},{\"@type\":\"ListItem\",\"position\":2,\"name\":\"News\",\"item\":\"https:\\\/\\\/amplitude-laser.com\\\/news\\\/\"},{\"@type\":\"ListItem\",\"position\":3,\"name\":\"Responsable des ventes science recherch\u00e9!\"}]},{\"@type\":\"WebSite\",\"@id\":\"https:\\\/\\\/amplitude-laser.com\\\/#website\",\"url\":\"https:\\\/\\\/amplitude-laser.com\\\/\",\"name\":\"Amplitude\",\"description\":\"Nothing But Ultrafast\",\"publisher\":{\"@id\":\"https:\\\/\\\/amplitude-laser.com\\\/#organization\"},\"alternateName\":\"Amplitude Laser\",\"potentialAction\":[{\"@type\":\"SearchAction\",\"target\":{\"@type\":\"EntryPoint\",\"urlTemplate\":\"https:\\\/\\\/amplitude-laser.com\\\/?s={search_term_string}\"},\"query-input\":{\"@type\":\"PropertyValueSpecification\",\"valueRequired\":true,\"valueName\":\"search_term_string\"}}],\"inLanguage\":\"fr-FR\"},{\"@type\":\"Organization\",\"@id\":\"https:\\\/\\\/amplitude-laser.com\\\/#organization\",\"name\":\"Amplitude Laser\",\"alternateName\":\"Amplitude\",\"url\":\"https:\\\/\\\/amplitude-laser.com\\\/\",\"logo\":{\"@type\":\"ImageObject\",\"inLanguage\":\"fr-FR\",\"@id\":\"https:\\\/\\\/amplitude-laser.com\\\/#\\\/schema\\\/logo\\\/image\\\/\",\"url\":\"https:\\\/\\\/amplitude-laser.com\\\/wp-content\\\/uploads\\\/2018\\\/10\\\/Amplitude.png\",\"contentUrl\":\"https:\\\/\\\/amplitude-laser.com\\\/wp-content\\\/uploads\\\/2018\\\/10\\\/Amplitude.png\",\"width\":999,\"height\":1182,\"caption\":\"Amplitude Laser\"},\"image\":{\"@id\":\"https:\\\/\\\/amplitude-laser.com\\\/#\\\/schema\\\/logo\\\/image\\\/\"}}]}<\/script>\n<!-- \/ Yoast SEO plugin. -->","yoast_head_json":{"title":"Responsable des ventes science recherch\u00e9! - Amplitude","robots":{"index":"index","follow":"follow","max-snippet":"max-snippet:-1","max-image-preview":"max-image-preview:large","max-video-preview":"max-video-preview:-1"},"canonical":"https:\/\/amplitude-laser.com\/fr\/news\/responsable-commerce-science-recherche\/","og_locale":"fr_FR","og_type":"article","og_title":"Responsable des ventes science recherch\u00e9! - Amplitude","og_description":"Nous recherchons un responsable des ventes pour nos march\u00e9s li\u00e9s aux projets scientifiques et de grandes envergures au sein de l&rsquo;Europe. Le poste est bas\u00e9 \u00e0 notre site de production de Lisses et comprend des missions int\u00e9ressantes tels que la visite de prospects (universit\u00e9es, centres de recherche, entreprises diverses, etc.) ou aussi la participation dans [&hellip;]","og_url":"https:\/\/amplitude-laser.com\/fr\/news\/responsable-commerce-science-recherche\/","og_site_name":"Amplitude","article_modified_time":"2020-09-23T10:50:47+00:00","og_image":[{"width":1920,"height":799,"url":"https:\/\/amplitude-laser.com\/wp-content\/uploads\/2019\/11\/Header-Page-News-v4.jpg","type":"image\/jpeg"}],"twitter_card":"summary_large_image","twitter_misc":{"Dur\u00e9e de lecture estim\u00e9e":"1 minute"},"schema":{"@context":"https:\/\/schema.org","@graph":[{"@type":"WebPage","@id":"https:\/\/amplitude-laser.com\/fr\/news\/responsable-commerce-science-recherche\/","url":"https:\/\/amplitude-laser.com\/fr\/news\/responsable-commerce-science-recherche\/","name":"Responsable des ventes science recherch\u00e9! - Amplitude","isPartOf":{"@id":"https:\/\/amplitude-laser.com\/#website"},"primaryImageOfPage":{"@id":"https:\/\/amplitude-laser.com\/fr\/news\/responsable-commerce-science-recherche\/#primaryimage"},"image":{"@id":"https:\/\/amplitude-laser.com\/fr\/news\/responsable-commerce-science-recherche\/#primaryimage"},"thumbnailUrl":"https:\/\/amplitude-laser.com\/wp-content\/uploads\/2019\/11\/Header-Page-News-v4.jpg","datePublished":"2020-09-23T10:49:16+00:00","dateModified":"2020-09-23T10:50:47+00:00","breadcrumb":{"@id":"https:\/\/amplitude-laser.com\/fr\/news\/responsable-commerce-science-recherche\/#breadcrumb"},"inLanguage":"fr-FR","potentialAction":[{"@type":"ReadAction","target":["https:\/\/amplitude-laser.com\/fr\/news\/responsable-commerce-science-recherche\/"]}]},{"@type":"ImageObject","inLanguage":"fr-FR","@id":"https:\/\/amplitude-laser.com\/fr\/news\/responsable-commerce-science-recherche\/#primaryimage","url":"https:\/\/amplitude-laser.com\/wp-content\/uploads\/2019\/11\/Header-Page-News-v4.jpg","contentUrl":"https:\/\/amplitude-laser.com\/wp-content\/uploads\/2019\/11\/Header-Page-News-v4.jpg","width":1920,"height":799,"caption":"Image news standard"},{"@type":"BreadcrumbList","@id":"https:\/\/amplitude-laser.com\/fr\/news\/responsable-commerce-science-recherche\/#breadcrumb","itemListElement":[{"@type":"ListItem","position":1,"name":"Home","item":"https:\/\/amplitude-laser.com\/fr\/"},{"@type":"ListItem","position":2,"name":"News","item":"https:\/\/amplitude-laser.com\/news\/"},{"@type":"ListItem","position":3,"name":"Responsable des ventes science recherch\u00e9!"}]},{"@type":"WebSite","@id":"https:\/\/amplitude-laser.com\/#website","url":"https:\/\/amplitude-laser.com\/","name":"Amplitude","description":"Nothing But Ultrafast","publisher":{"@id":"https:\/\/amplitude-laser.com\/#organization"},"alternateName":"Amplitude Laser","potentialAction":[{"@type":"SearchAction","target":{"@type":"EntryPoint","urlTemplate":"https:\/\/amplitude-laser.com\/?s={search_term_string}"},"query-input":{"@type":"PropertyValueSpecification","valueRequired":true,"valueName":"search_term_string"}}],"inLanguage":"fr-FR"},{"@type":"Organization","@id":"https:\/\/amplitude-laser.com\/#organization","name":"Amplitude Laser","alternateName":"Amplitude","url":"https:\/\/amplitude-laser.com\/","logo":{"@type":"ImageObject","inLanguage":"fr-FR","@id":"https:\/\/amplitude-laser.com\/#\/schema\/logo\/image\/","url":"https:\/\/amplitude-laser.com\/wp-content\/uploads\/2018\/10\/Amplitude.png","contentUrl":"https:\/\/amplitude-laser.com\/wp-content\/uploads\/2018\/10\/Amplitude.png","width":999,"height":1182,"caption":"Amplitude Laser"},"image":{"@id":"https:\/\/amplitude-laser.com\/#\/schema\/logo\/image\/"}}]}},"_links":{"self":[{"href":"https:\/\/amplitude-laser.com\/fr\/wp-json\/wp\/v2\/news\/5119","targetHints":{"allow":["GET"]}}],"collection":[{"href":"https:\/\/amplitude-laser.com\/fr\/wp-json\/wp\/v2\/news"}],"about":[{"href":"https:\/\/amplitude-laser.com\/fr\/wp-json\/wp\/v2\/types\/news"}],"wp:featuredmedia":[{"embeddable":true,"href":"https:\/\/amplitude-laser.com\/fr\/wp-json\/wp\/v2\/media\/3819"}],"wp:attachment":[{"href":"https:\/\/amplitude-laser.com\/fr\/wp-json\/wp\/v2\/media?parent=5119"}],"wp:term":[{"taxonomy":"secteur","embeddable":true,"href":"https:\/\/amplitude-laser.com\/fr\/wp-json\/wp\/v2\/secteur?post=5119"}],"curies":[{"name":"wp","href":"https:\/\/api.w.org\/{rel}","templated":true}]}}