{"id":5549,"date":"2020-11-09T15:23:08","date_gmt":"2020-11-09T14:23:08","guid":{"rendered":"https:\/\/amplitude-laser.com\/?post_type=news&#038;p=5549"},"modified":"2020-11-09T15:54:13","modified_gmt":"2020-11-09T14:54:13","slug":"lutte-contre-le-cancer-du-sein-amplitude-partage-lavancee-de-ses-travaux-dans-le-cadre-du-projet-x-pulse","status":"publish","type":"news","link":"https:\/\/amplitude-laser.com\/fr\/news\/lutte-contre-le-cancer-du-sein-amplitude-partage-lavancee-de-ses-travaux-dans-le-cadre-du-projet-x-pulse\/","title":{"rendered":"Lutte contre le cancer du sein: Amplitude partage l&rsquo;avanc\u00e9e de ses travaux dans le cadre du projet X-Pulse"},"content":{"rendered":"<p><img decoding=\"async\" class=\"size-full wp-image-5552 alignleft\" src=\"https:\/\/amplitude-laser.com\/wp-content\/uploads\/2020\/11\/X-Pulse.jpg\" alt=\"Amplitude involved in XPulse Project\" width=\"320\" height=\"180\" \/>Le projet XPulse vise \u00e0 d\u00e9velopper un syst\u00e8me d\u2019imagerie par rayons X en 3D utilisant des lasers ultrarapides pour la d\u00e9tection anticip\u00e9e du cancer du sein. Avec nos partenaires Alphanov, CELIA, Imagine Optics et l&rsquo;Institute Bergonie , de premiers tests ont \u00e9t\u00e9 effectu\u00e9s et ont conduit \u00e0 une validation des performances de conversion des rayons X et de la stabilit\u00e9 \u00e0 long terme du laser Amplitude <a href=\"https:\/\/amplitude-laser.com\/fr\/produits\/lasers-pour-la-science\/magma\/\">MAGMA 25<\/a>.<br \/>\n\u00ab Le projet XPulse est soutenu par la R\u00e9gion Nouvelle-Aquitaine depuis le d\u00e9but, et Amplitude d\u00e9veloppe actuellement un laser 100 fois plus puissant, similaire au <a href=\"https:\/\/amplitude-laser.com\/fr\/produits\/lasers-pour-la-science\/magma\/\">Magma 200<\/a> mais 20 fois plus rapide. Cette nouvelle source laser sera int\u00e9gr\u00e9e par AlphaNov pour disposer d\u2019un syst\u00e8me de tomographie unique, qui sera ensuite \u00e9valu\u00e9 au centre d\u2019imagerie du CHU de Bordeaux \u00bb, explique Antoine Courjaud, chef de ligne de produits.<br \/>\nCette nouvelle g\u00e9n\u00e9ration de laser s\u2019adresse \u00e0 un large \u00e9ventail d\u2019applications telles que la g\u00e9n\u00e9ration d\u2019impulsions Terahertz et XUV pour l\u2019analyse des mat\u00e9riaux 10 \u00e0 20 fois plus rapide qu\u2019auparavant.<\/p>\n<p>Visionner le film du projet: <a href=\"https:\/\/www.youtube.com\/watch?v=mlNU6PzJCPQ\">CLIQUEZ ICI<\/a><\/p>\n","protected":false},"featured_media":5557,"parent":0,"template":"","secteur":[69,68],"class_list":["post-5549","news","type-news","status-publish","has-post-thumbnail","hentry","secteur-general","secteur-medical"],"acf":[],"yoast_head":"<!-- This site is optimized with the Yoast SEO plugin v27.5 - https:\/\/yoast.com\/product\/yoast-seo-wordpress\/ -->\n<title>Lutte contre le cancer du sein: Amplitude partage l&#039;avanc\u00e9e de ses travaux dans le cadre du projet X-Pulse - Amplitude<\/title>\n<meta name=\"robots\" content=\"index, follow, max-snippet:-1, max-image-preview:large, max-video-preview:-1\" \/>\n<link rel=\"canonical\" href=\"https:\/\/amplitude-laser.com\/fr\/news\/lutte-contre-le-cancer-du-sein-amplitude-partage-lavancee-de-ses-travaux-dans-le-cadre-du-projet-x-pulse\/\" \/>\n<meta property=\"og:locale\" content=\"fr_FR\" \/>\n<meta property=\"og:type\" content=\"article\" \/>\n<meta property=\"og:title\" content=\"Lutte contre le cancer du sein: Amplitude partage l&#039;avanc\u00e9e de ses travaux dans le cadre du projet X-Pulse - Amplitude\" \/>\n<meta property=\"og:description\" content=\"Le projet XPulse vise \u00e0 d\u00e9velopper un syst\u00e8me d\u2019imagerie par rayons X en 3D utilisant des lasers ultrarapides pour la d\u00e9tection anticip\u00e9e du cancer du sein. Avec nos partenaires Alphanov, CELIA, Imagine Optics et l&rsquo;Institute Bergonie , de premiers tests ont \u00e9t\u00e9 effectu\u00e9s et ont conduit \u00e0 une validation des performances de conversion des rayons [&hellip;]\" \/>\n<meta property=\"og:url\" content=\"https:\/\/amplitude-laser.com\/fr\/news\/lutte-contre-le-cancer-du-sein-amplitude-partage-lavancee-de-ses-travaux-dans-le-cadre-du-projet-x-pulse\/\" \/>\n<meta property=\"og:site_name\" content=\"Amplitude\" \/>\n<meta property=\"article:modified_time\" content=\"2020-11-09T14:54:13+00:00\" \/>\n<meta property=\"og:image\" content=\"https:\/\/amplitude-laser.com\/wp-content\/uploads\/2020\/11\/X-Pulse.png\" \/>\n\t<meta property=\"og:image:width\" content=\"640\" \/>\n\t<meta property=\"og:image:height\" content=\"340\" \/>\n\t<meta property=\"og:image:type\" content=\"image\/png\" \/>\n<meta name=\"twitter:card\" content=\"summary_large_image\" \/>\n<meta name=\"twitter:label1\" content=\"Dur\u00e9e de lecture estim\u00e9e\" \/>\n\t<meta name=\"twitter:data1\" content=\"1 minute\" \/>\n<script type=\"application\/ld+json\" class=\"yoast-schema-graph\">{\"@context\":\"https:\\\/\\\/schema.org\",\"@graph\":[{\"@type\":\"WebPage\",\"@id\":\"https:\\\/\\\/amplitude-laser.com\\\/fr\\\/news\\\/lutte-contre-le-cancer-du-sein-amplitude-partage-lavancee-de-ses-travaux-dans-le-cadre-du-projet-x-pulse\\\/\",\"url\":\"https:\\\/\\\/amplitude-laser.com\\\/fr\\\/news\\\/lutte-contre-le-cancer-du-sein-amplitude-partage-lavancee-de-ses-travaux-dans-le-cadre-du-projet-x-pulse\\\/\",\"name\":\"Lutte contre le cancer du sein: Amplitude partage l'avanc\u00e9e de ses travaux dans le cadre du projet X-Pulse - Amplitude\",\"isPartOf\":{\"@id\":\"https:\\\/\\\/amplitude-laser.com\\\/#website\"},\"primaryImageOfPage\":{\"@id\":\"https:\\\/\\\/amplitude-laser.com\\\/fr\\\/news\\\/lutte-contre-le-cancer-du-sein-amplitude-partage-lavancee-de-ses-travaux-dans-le-cadre-du-projet-x-pulse\\\/#primaryimage\"},\"image\":{\"@id\":\"https:\\\/\\\/amplitude-laser.com\\\/fr\\\/news\\\/lutte-contre-le-cancer-du-sein-amplitude-partage-lavancee-de-ses-travaux-dans-le-cadre-du-projet-x-pulse\\\/#primaryimage\"},\"thumbnailUrl\":\"https:\\\/\\\/amplitude-laser.com\\\/wp-content\\\/uploads\\\/2020\\\/11\\\/X-Pulse.png\",\"datePublished\":\"2020-11-09T14:23:08+00:00\",\"dateModified\":\"2020-11-09T14:54:13+00:00\",\"breadcrumb\":{\"@id\":\"https:\\\/\\\/amplitude-laser.com\\\/fr\\\/news\\\/lutte-contre-le-cancer-du-sein-amplitude-partage-lavancee-de-ses-travaux-dans-le-cadre-du-projet-x-pulse\\\/#breadcrumb\"},\"inLanguage\":\"fr-FR\",\"potentialAction\":[{\"@type\":\"ReadAction\",\"target\":[\"https:\\\/\\\/amplitude-laser.com\\\/fr\\\/news\\\/lutte-contre-le-cancer-du-sein-amplitude-partage-lavancee-de-ses-travaux-dans-le-cadre-du-projet-x-pulse\\\/\"]}]},{\"@type\":\"ImageObject\",\"inLanguage\":\"fr-FR\",\"@id\":\"https:\\\/\\\/amplitude-laser.com\\\/fr\\\/news\\\/lutte-contre-le-cancer-du-sein-amplitude-partage-lavancee-de-ses-travaux-dans-le-cadre-du-projet-x-pulse\\\/#primaryimage\",\"url\":\"https:\\\/\\\/amplitude-laser.com\\\/wp-content\\\/uploads\\\/2020\\\/11\\\/X-Pulse.png\",\"contentUrl\":\"https:\\\/\\\/amplitude-laser.com\\\/wp-content\\\/uploads\\\/2020\\\/11\\\/X-Pulse.png\",\"width\":640,\"height\":340},{\"@type\":\"BreadcrumbList\",\"@id\":\"https:\\\/\\\/amplitude-laser.com\\\/fr\\\/news\\\/lutte-contre-le-cancer-du-sein-amplitude-partage-lavancee-de-ses-travaux-dans-le-cadre-du-projet-x-pulse\\\/#breadcrumb\",\"itemListElement\":[{\"@type\":\"ListItem\",\"position\":1,\"name\":\"Home\",\"item\":\"https:\\\/\\\/amplitude-laser.com\\\/fr\\\/\"},{\"@type\":\"ListItem\",\"position\":2,\"name\":\"News\",\"item\":\"https:\\\/\\\/amplitude-laser.com\\\/news\\\/\"},{\"@type\":\"ListItem\",\"position\":3,\"name\":\"Lutte contre le cancer du sein: Amplitude partage l&#8217;avanc\u00e9e de ses travaux dans le cadre du projet X-Pulse\"}]},{\"@type\":\"WebSite\",\"@id\":\"https:\\\/\\\/amplitude-laser.com\\\/#website\",\"url\":\"https:\\\/\\\/amplitude-laser.com\\\/\",\"name\":\"Amplitude\",\"description\":\"Nothing But Ultrafast\",\"publisher\":{\"@id\":\"https:\\\/\\\/amplitude-laser.com\\\/#organization\"},\"alternateName\":\"Amplitude Laser\",\"potentialAction\":[{\"@type\":\"SearchAction\",\"target\":{\"@type\":\"EntryPoint\",\"urlTemplate\":\"https:\\\/\\\/amplitude-laser.com\\\/?s={search_term_string}\"},\"query-input\":{\"@type\":\"PropertyValueSpecification\",\"valueRequired\":true,\"valueName\":\"search_term_string\"}}],\"inLanguage\":\"fr-FR\"},{\"@type\":\"Organization\",\"@id\":\"https:\\\/\\\/amplitude-laser.com\\\/#organization\",\"name\":\"Amplitude Laser\",\"alternateName\":\"Amplitude\",\"url\":\"https:\\\/\\\/amplitude-laser.com\\\/\",\"logo\":{\"@type\":\"ImageObject\",\"inLanguage\":\"fr-FR\",\"@id\":\"https:\\\/\\\/amplitude-laser.com\\\/#\\\/schema\\\/logo\\\/image\\\/\",\"url\":\"https:\\\/\\\/amplitude-laser.com\\\/wp-content\\\/uploads\\\/2018\\\/10\\\/Amplitude.png\",\"contentUrl\":\"https:\\\/\\\/amplitude-laser.com\\\/wp-content\\\/uploads\\\/2018\\\/10\\\/Amplitude.png\",\"width\":999,\"height\":1182,\"caption\":\"Amplitude Laser\"},\"image\":{\"@id\":\"https:\\\/\\\/amplitude-laser.com\\\/#\\\/schema\\\/logo\\\/image\\\/\"}}]}<\/script>\n<!-- \/ Yoast SEO plugin. -->","yoast_head_json":{"title":"Lutte contre le cancer du sein: Amplitude partage l'avanc\u00e9e de ses travaux dans le cadre du projet X-Pulse - Amplitude","robots":{"index":"index","follow":"follow","max-snippet":"max-snippet:-1","max-image-preview":"max-image-preview:large","max-video-preview":"max-video-preview:-1"},"canonical":"https:\/\/amplitude-laser.com\/fr\/news\/lutte-contre-le-cancer-du-sein-amplitude-partage-lavancee-de-ses-travaux-dans-le-cadre-du-projet-x-pulse\/","og_locale":"fr_FR","og_type":"article","og_title":"Lutte contre le cancer du sein: Amplitude partage l'avanc\u00e9e de ses travaux dans le cadre du projet X-Pulse - Amplitude","og_description":"Le projet XPulse vise \u00e0 d\u00e9velopper un syst\u00e8me d\u2019imagerie par rayons X en 3D utilisant des lasers ultrarapides pour la d\u00e9tection anticip\u00e9e du cancer du sein. Avec nos partenaires Alphanov, CELIA, Imagine Optics et l&rsquo;Institute Bergonie , de premiers tests ont \u00e9t\u00e9 effectu\u00e9s et ont conduit \u00e0 une validation des performances de conversion des rayons [&hellip;]","og_url":"https:\/\/amplitude-laser.com\/fr\/news\/lutte-contre-le-cancer-du-sein-amplitude-partage-lavancee-de-ses-travaux-dans-le-cadre-du-projet-x-pulse\/","og_site_name":"Amplitude","article_modified_time":"2020-11-09T14:54:13+00:00","og_image":[{"width":640,"height":340,"url":"https:\/\/amplitude-laser.com\/wp-content\/uploads\/2020\/11\/X-Pulse.png","type":"image\/png"}],"twitter_card":"summary_large_image","twitter_misc":{"Dur\u00e9e de lecture estim\u00e9e":"1 minute"},"schema":{"@context":"https:\/\/schema.org","@graph":[{"@type":"WebPage","@id":"https:\/\/amplitude-laser.com\/fr\/news\/lutte-contre-le-cancer-du-sein-amplitude-partage-lavancee-de-ses-travaux-dans-le-cadre-du-projet-x-pulse\/","url":"https:\/\/amplitude-laser.com\/fr\/news\/lutte-contre-le-cancer-du-sein-amplitude-partage-lavancee-de-ses-travaux-dans-le-cadre-du-projet-x-pulse\/","name":"Lutte contre le cancer du sein: Amplitude partage l'avanc\u00e9e de ses travaux dans le cadre du projet X-Pulse - Amplitude","isPartOf":{"@id":"https:\/\/amplitude-laser.com\/#website"},"primaryImageOfPage":{"@id":"https:\/\/amplitude-laser.com\/fr\/news\/lutte-contre-le-cancer-du-sein-amplitude-partage-lavancee-de-ses-travaux-dans-le-cadre-du-projet-x-pulse\/#primaryimage"},"image":{"@id":"https:\/\/amplitude-laser.com\/fr\/news\/lutte-contre-le-cancer-du-sein-amplitude-partage-lavancee-de-ses-travaux-dans-le-cadre-du-projet-x-pulse\/#primaryimage"},"thumbnailUrl":"https:\/\/amplitude-laser.com\/wp-content\/uploads\/2020\/11\/X-Pulse.png","datePublished":"2020-11-09T14:23:08+00:00","dateModified":"2020-11-09T14:54:13+00:00","breadcrumb":{"@id":"https:\/\/amplitude-laser.com\/fr\/news\/lutte-contre-le-cancer-du-sein-amplitude-partage-lavancee-de-ses-travaux-dans-le-cadre-du-projet-x-pulse\/#breadcrumb"},"inLanguage":"fr-FR","potentialAction":[{"@type":"ReadAction","target":["https:\/\/amplitude-laser.com\/fr\/news\/lutte-contre-le-cancer-du-sein-amplitude-partage-lavancee-de-ses-travaux-dans-le-cadre-du-projet-x-pulse\/"]}]},{"@type":"ImageObject","inLanguage":"fr-FR","@id":"https:\/\/amplitude-laser.com\/fr\/news\/lutte-contre-le-cancer-du-sein-amplitude-partage-lavancee-de-ses-travaux-dans-le-cadre-du-projet-x-pulse\/#primaryimage","url":"https:\/\/amplitude-laser.com\/wp-content\/uploads\/2020\/11\/X-Pulse.png","contentUrl":"https:\/\/amplitude-laser.com\/wp-content\/uploads\/2020\/11\/X-Pulse.png","width":640,"height":340},{"@type":"BreadcrumbList","@id":"https:\/\/amplitude-laser.com\/fr\/news\/lutte-contre-le-cancer-du-sein-amplitude-partage-lavancee-de-ses-travaux-dans-le-cadre-du-projet-x-pulse\/#breadcrumb","itemListElement":[{"@type":"ListItem","position":1,"name":"Home","item":"https:\/\/amplitude-laser.com\/fr\/"},{"@type":"ListItem","position":2,"name":"News","item":"https:\/\/amplitude-laser.com\/news\/"},{"@type":"ListItem","position":3,"name":"Lutte contre le cancer du sein: Amplitude partage l&#8217;avanc\u00e9e de ses travaux dans le cadre du projet X-Pulse"}]},{"@type":"WebSite","@id":"https:\/\/amplitude-laser.com\/#website","url":"https:\/\/amplitude-laser.com\/","name":"Amplitude","description":"Nothing But Ultrafast","publisher":{"@id":"https:\/\/amplitude-laser.com\/#organization"},"alternateName":"Amplitude Laser","potentialAction":[{"@type":"SearchAction","target":{"@type":"EntryPoint","urlTemplate":"https:\/\/amplitude-laser.com\/?s={search_term_string}"},"query-input":{"@type":"PropertyValueSpecification","valueRequired":true,"valueName":"search_term_string"}}],"inLanguage":"fr-FR"},{"@type":"Organization","@id":"https:\/\/amplitude-laser.com\/#organization","name":"Amplitude Laser","alternateName":"Amplitude","url":"https:\/\/amplitude-laser.com\/","logo":{"@type":"ImageObject","inLanguage":"fr-FR","@id":"https:\/\/amplitude-laser.com\/#\/schema\/logo\/image\/","url":"https:\/\/amplitude-laser.com\/wp-content\/uploads\/2018\/10\/Amplitude.png","contentUrl":"https:\/\/amplitude-laser.com\/wp-content\/uploads\/2018\/10\/Amplitude.png","width":999,"height":1182,"caption":"Amplitude Laser"},"image":{"@id":"https:\/\/amplitude-laser.com\/#\/schema\/logo\/image\/"}}]}},"_links":{"self":[{"href":"https:\/\/amplitude-laser.com\/fr\/wp-json\/wp\/v2\/news\/5549","targetHints":{"allow":["GET"]}}],"collection":[{"href":"https:\/\/amplitude-laser.com\/fr\/wp-json\/wp\/v2\/news"}],"about":[{"href":"https:\/\/amplitude-laser.com\/fr\/wp-json\/wp\/v2\/types\/news"}],"wp:featuredmedia":[{"embeddable":true,"href":"https:\/\/amplitude-laser.com\/fr\/wp-json\/wp\/v2\/media\/5557"}],"wp:attachment":[{"href":"https:\/\/amplitude-laser.com\/fr\/wp-json\/wp\/v2\/media?parent=5549"}],"wp:term":[{"taxonomy":"secteur","embeddable":true,"href":"https:\/\/amplitude-laser.com\/fr\/wp-json\/wp\/v2\/secteur?post=5549"}],"curies":[{"name":"wp","href":"https:\/\/api.w.org\/{rel}","templated":true}]}}