{"id":6371,"date":"2021-06-09T17:19:30","date_gmt":"2021-06-09T15:19:30","guid":{"rendered":"https:\/\/amplitude-laser.com\/?post_type=news&#038;p=6371"},"modified":"2021-06-09T17:19:30","modified_gmt":"2021-06-09T15:19:30","slug":"amplitude-collabore-avec-le-catie","status":"publish","type":"news","link":"https:\/\/amplitude-laser.com\/fr\/news\/amplitude-collabore-avec-le-catie\/","title":{"rendered":"Amplitude collabore avec le CATIE"},"content":{"rendered":"<p>L&rsquo;exp\u00e9rience client est au c\u0153ur de nos pr\u00e9occupations, et c&rsquo;est dans cette perspective qu&rsquo;Amplitude a engag\u00e9 une collaboration le CATIE &#8211; le centre technologique Nouvelle-Aquitaine du num\u00e9rique. C\u2019est l\u2019\u00e9quipe Syst\u00e8mes Centr\u00e9s sur l\u2019Humain (SCH) qui intervient tout particuli\u00e8rement sur le c\u00f4t\u00e9 facteur humain.<\/p>\n<p>Pierre Constant, Data Manager chez Amplitude, explique \u00ab\u00a0nos lasers sont des machines de tr\u00e8s haute technologie qui demandent une forte expertise quand une r\u00e9paration doit \u00eatre op\u00e9r\u00e9e. Avec le CATIE, nous travaillons sur des solutions digitales pour, d&rsquo;une part, faciliter l&rsquo;\u00e9change entre un technicien local et une expert \u00e0 distance, et d&rsquo;autre part, maximiser la dur\u00e9e de fonctionnement du laser. Nous cherchons avant tout \u00e0 r\u00e9duire le temps de r\u00e9paration pour que nos clients puissent reprendre leurs activit\u00e9s avec efficacit\u00e9 et efficience.\u00a0\u00bb Il ajoute \u00ab\u00a0Actuellement, nous sommes au stade de la conception centr\u00e9e sur l\u2019humain, prototypant les solutions les plus efficaces pour les utilisateurs. Et \u00e0 moyen terme, nous passerons \u00e0 des comp\u00e9tences suppl\u00e9mentaires en mati\u00e8re d\u2019intelligence artificielle avec du traitement d&rsquo;image et de l&rsquo;enrichissement.\u00a0\u00bb<\/p>\n","protected":false},"featured_media":6370,"parent":0,"template":"","secteur":[69,66,68],"class_list":["post-6371","news","type-news","status-publish","has-post-thumbnail","hentry","secteur-general","secteur-industrie","secteur-medical"],"acf":[],"yoast_head":"<!-- This site is optimized with the Yoast SEO plugin v27.5 - https:\/\/yoast.com\/product\/yoast-seo-wordpress\/ -->\n<title>Amplitude collabore avec le CATIE - Amplitude<\/title>\n<meta name=\"description\" content=\"Amplitude &#039;associe au CATIE pour d\u00e9velopper des solutions digitales afin de r\u00e9duire le temps de panne des lasers\" \/>\n<meta name=\"robots\" content=\"index, follow, max-snippet:-1, max-image-preview:large, max-video-preview:-1\" \/>\n<link rel=\"canonical\" href=\"https:\/\/amplitude-laser.com\/fr\/news\/amplitude-collabore-avec-le-catie\/\" \/>\n<meta property=\"og:locale\" content=\"fr_FR\" \/>\n<meta property=\"og:type\" content=\"article\" \/>\n<meta property=\"og:title\" content=\"Amplitude collabore avec le CATIE - Amplitude\" \/>\n<meta property=\"og:description\" content=\"Amplitude &#039;associe au CATIE pour d\u00e9velopper des solutions digitales afin de r\u00e9duire le temps de panne des lasers\" \/>\n<meta property=\"og:url\" content=\"https:\/\/amplitude-laser.com\/fr\/news\/amplitude-collabore-avec-le-catie\/\" \/>\n<meta property=\"og:site_name\" content=\"Amplitude\" \/>\n<meta property=\"og:image\" content=\"https:\/\/amplitude-laser.com\/wp-content\/uploads\/2021\/06\/Amplitude-Catie.jpg\" \/>\n\t<meta property=\"og:image:width\" content=\"520\" \/>\n\t<meta property=\"og:image:height\" content=\"390\" \/>\n\t<meta property=\"og:image:type\" content=\"image\/jpeg\" \/>\n<meta name=\"twitter:card\" content=\"summary_large_image\" \/>\n<meta name=\"twitter:label1\" content=\"Dur\u00e9e de lecture estim\u00e9e\" \/>\n\t<meta name=\"twitter:data1\" content=\"1 minute\" \/>\n<script type=\"application\/ld+json\" class=\"yoast-schema-graph\">{\"@context\":\"https:\\\/\\\/schema.org\",\"@graph\":[{\"@type\":\"WebPage\",\"@id\":\"https:\\\/\\\/amplitude-laser.com\\\/fr\\\/news\\\/amplitude-collabore-avec-le-catie\\\/\",\"url\":\"https:\\\/\\\/amplitude-laser.com\\\/fr\\\/news\\\/amplitude-collabore-avec-le-catie\\\/\",\"name\":\"Amplitude collabore avec le CATIE - Amplitude\",\"isPartOf\":{\"@id\":\"https:\\\/\\\/amplitude-laser.com\\\/#website\"},\"primaryImageOfPage\":{\"@id\":\"https:\\\/\\\/amplitude-laser.com\\\/fr\\\/news\\\/amplitude-collabore-avec-le-catie\\\/#primaryimage\"},\"image\":{\"@id\":\"https:\\\/\\\/amplitude-laser.com\\\/fr\\\/news\\\/amplitude-collabore-avec-le-catie\\\/#primaryimage\"},\"thumbnailUrl\":\"https:\\\/\\\/amplitude-laser.com\\\/wp-content\\\/uploads\\\/2021\\\/06\\\/Amplitude-Catie.jpg\",\"datePublished\":\"2021-06-09T15:19:30+00:00\",\"description\":\"Amplitude 'associe au CATIE pour d\u00e9velopper des solutions digitales afin de r\u00e9duire le temps de panne des lasers\",\"breadcrumb\":{\"@id\":\"https:\\\/\\\/amplitude-laser.com\\\/fr\\\/news\\\/amplitude-collabore-avec-le-catie\\\/#breadcrumb\"},\"inLanguage\":\"fr-FR\",\"potentialAction\":[{\"@type\":\"ReadAction\",\"target\":[\"https:\\\/\\\/amplitude-laser.com\\\/fr\\\/news\\\/amplitude-collabore-avec-le-catie\\\/\"]}]},{\"@type\":\"ImageObject\",\"inLanguage\":\"fr-FR\",\"@id\":\"https:\\\/\\\/amplitude-laser.com\\\/fr\\\/news\\\/amplitude-collabore-avec-le-catie\\\/#primaryimage\",\"url\":\"https:\\\/\\\/amplitude-laser.com\\\/wp-content\\\/uploads\\\/2021\\\/06\\\/Amplitude-Catie.jpg\",\"contentUrl\":\"https:\\\/\\\/amplitude-laser.com\\\/wp-content\\\/uploads\\\/2021\\\/06\\\/Amplitude-Catie.jpg\",\"width\":520,\"height\":390,\"caption\":\"Amplitude collaborates with CATIE\"},{\"@type\":\"BreadcrumbList\",\"@id\":\"https:\\\/\\\/amplitude-laser.com\\\/fr\\\/news\\\/amplitude-collabore-avec-le-catie\\\/#breadcrumb\",\"itemListElement\":[{\"@type\":\"ListItem\",\"position\":1,\"name\":\"Home\",\"item\":\"https:\\\/\\\/amplitude-laser.com\\\/fr\\\/\"},{\"@type\":\"ListItem\",\"position\":2,\"name\":\"News\",\"item\":\"https:\\\/\\\/amplitude-laser.com\\\/news\\\/\"},{\"@type\":\"ListItem\",\"position\":3,\"name\":\"Amplitude collabore avec le CATIE\"}]},{\"@type\":\"WebSite\",\"@id\":\"https:\\\/\\\/amplitude-laser.com\\\/#website\",\"url\":\"https:\\\/\\\/amplitude-laser.com\\\/\",\"name\":\"Amplitude\",\"description\":\"Nothing But Ultrafast\",\"publisher\":{\"@id\":\"https:\\\/\\\/amplitude-laser.com\\\/#organization\"},\"alternateName\":\"Amplitude Laser\",\"potentialAction\":[{\"@type\":\"SearchAction\",\"target\":{\"@type\":\"EntryPoint\",\"urlTemplate\":\"https:\\\/\\\/amplitude-laser.com\\\/?s={search_term_string}\"},\"query-input\":{\"@type\":\"PropertyValueSpecification\",\"valueRequired\":true,\"valueName\":\"search_term_string\"}}],\"inLanguage\":\"fr-FR\"},{\"@type\":\"Organization\",\"@id\":\"https:\\\/\\\/amplitude-laser.com\\\/#organization\",\"name\":\"Amplitude Laser\",\"alternateName\":\"Amplitude\",\"url\":\"https:\\\/\\\/amplitude-laser.com\\\/\",\"logo\":{\"@type\":\"ImageObject\",\"inLanguage\":\"fr-FR\",\"@id\":\"https:\\\/\\\/amplitude-laser.com\\\/#\\\/schema\\\/logo\\\/image\\\/\",\"url\":\"https:\\\/\\\/amplitude-laser.com\\\/wp-content\\\/uploads\\\/2018\\\/10\\\/Amplitude.png\",\"contentUrl\":\"https:\\\/\\\/amplitude-laser.com\\\/wp-content\\\/uploads\\\/2018\\\/10\\\/Amplitude.png\",\"width\":999,\"height\":1182,\"caption\":\"Amplitude Laser\"},\"image\":{\"@id\":\"https:\\\/\\\/amplitude-laser.com\\\/#\\\/schema\\\/logo\\\/image\\\/\"}}]}<\/script>\n<!-- \/ Yoast SEO plugin. -->","yoast_head_json":{"title":"Amplitude collabore avec le CATIE - Amplitude","description":"Amplitude 'associe au CATIE pour d\u00e9velopper des solutions digitales afin de r\u00e9duire le temps de panne des lasers","robots":{"index":"index","follow":"follow","max-snippet":"max-snippet:-1","max-image-preview":"max-image-preview:large","max-video-preview":"max-video-preview:-1"},"canonical":"https:\/\/amplitude-laser.com\/fr\/news\/amplitude-collabore-avec-le-catie\/","og_locale":"fr_FR","og_type":"article","og_title":"Amplitude collabore avec le CATIE - Amplitude","og_description":"Amplitude 'associe au CATIE pour d\u00e9velopper des solutions digitales afin de r\u00e9duire le temps de panne des lasers","og_url":"https:\/\/amplitude-laser.com\/fr\/news\/amplitude-collabore-avec-le-catie\/","og_site_name":"Amplitude","og_image":[{"width":520,"height":390,"url":"https:\/\/amplitude-laser.com\/wp-content\/uploads\/2021\/06\/Amplitude-Catie.jpg","type":"image\/jpeg"}],"twitter_card":"summary_large_image","twitter_misc":{"Dur\u00e9e de lecture estim\u00e9e":"1 minute"},"schema":{"@context":"https:\/\/schema.org","@graph":[{"@type":"WebPage","@id":"https:\/\/amplitude-laser.com\/fr\/news\/amplitude-collabore-avec-le-catie\/","url":"https:\/\/amplitude-laser.com\/fr\/news\/amplitude-collabore-avec-le-catie\/","name":"Amplitude collabore avec le CATIE - Amplitude","isPartOf":{"@id":"https:\/\/amplitude-laser.com\/#website"},"primaryImageOfPage":{"@id":"https:\/\/amplitude-laser.com\/fr\/news\/amplitude-collabore-avec-le-catie\/#primaryimage"},"image":{"@id":"https:\/\/amplitude-laser.com\/fr\/news\/amplitude-collabore-avec-le-catie\/#primaryimage"},"thumbnailUrl":"https:\/\/amplitude-laser.com\/wp-content\/uploads\/2021\/06\/Amplitude-Catie.jpg","datePublished":"2021-06-09T15:19:30+00:00","description":"Amplitude 'associe au CATIE pour d\u00e9velopper des solutions digitales afin de r\u00e9duire le temps de panne des lasers","breadcrumb":{"@id":"https:\/\/amplitude-laser.com\/fr\/news\/amplitude-collabore-avec-le-catie\/#breadcrumb"},"inLanguage":"fr-FR","potentialAction":[{"@type":"ReadAction","target":["https:\/\/amplitude-laser.com\/fr\/news\/amplitude-collabore-avec-le-catie\/"]}]},{"@type":"ImageObject","inLanguage":"fr-FR","@id":"https:\/\/amplitude-laser.com\/fr\/news\/amplitude-collabore-avec-le-catie\/#primaryimage","url":"https:\/\/amplitude-laser.com\/wp-content\/uploads\/2021\/06\/Amplitude-Catie.jpg","contentUrl":"https:\/\/amplitude-laser.com\/wp-content\/uploads\/2021\/06\/Amplitude-Catie.jpg","width":520,"height":390,"caption":"Amplitude collaborates with CATIE"},{"@type":"BreadcrumbList","@id":"https:\/\/amplitude-laser.com\/fr\/news\/amplitude-collabore-avec-le-catie\/#breadcrumb","itemListElement":[{"@type":"ListItem","position":1,"name":"Home","item":"https:\/\/amplitude-laser.com\/fr\/"},{"@type":"ListItem","position":2,"name":"News","item":"https:\/\/amplitude-laser.com\/news\/"},{"@type":"ListItem","position":3,"name":"Amplitude collabore avec le CATIE"}]},{"@type":"WebSite","@id":"https:\/\/amplitude-laser.com\/#website","url":"https:\/\/amplitude-laser.com\/","name":"Amplitude","description":"Nothing But Ultrafast","publisher":{"@id":"https:\/\/amplitude-laser.com\/#organization"},"alternateName":"Amplitude Laser","potentialAction":[{"@type":"SearchAction","target":{"@type":"EntryPoint","urlTemplate":"https:\/\/amplitude-laser.com\/?s={search_term_string}"},"query-input":{"@type":"PropertyValueSpecification","valueRequired":true,"valueName":"search_term_string"}}],"inLanguage":"fr-FR"},{"@type":"Organization","@id":"https:\/\/amplitude-laser.com\/#organization","name":"Amplitude Laser","alternateName":"Amplitude","url":"https:\/\/amplitude-laser.com\/","logo":{"@type":"ImageObject","inLanguage":"fr-FR","@id":"https:\/\/amplitude-laser.com\/#\/schema\/logo\/image\/","url":"https:\/\/amplitude-laser.com\/wp-content\/uploads\/2018\/10\/Amplitude.png","contentUrl":"https:\/\/amplitude-laser.com\/wp-content\/uploads\/2018\/10\/Amplitude.png","width":999,"height":1182,"caption":"Amplitude Laser"},"image":{"@id":"https:\/\/amplitude-laser.com\/#\/schema\/logo\/image\/"}}]}},"_links":{"self":[{"href":"https:\/\/amplitude-laser.com\/fr\/wp-json\/wp\/v2\/news\/6371","targetHints":{"allow":["GET"]}}],"collection":[{"href":"https:\/\/amplitude-laser.com\/fr\/wp-json\/wp\/v2\/news"}],"about":[{"href":"https:\/\/amplitude-laser.com\/fr\/wp-json\/wp\/v2\/types\/news"}],"wp:featuredmedia":[{"embeddable":true,"href":"https:\/\/amplitude-laser.com\/fr\/wp-json\/wp\/v2\/media\/6370"}],"wp:attachment":[{"href":"https:\/\/amplitude-laser.com\/fr\/wp-json\/wp\/v2\/media?parent=6371"}],"wp:term":[{"taxonomy":"secteur","embeddable":true,"href":"https:\/\/amplitude-laser.com\/fr\/wp-json\/wp\/v2\/secteur?post=6371"}],"curies":[{"name":"wp","href":"https:\/\/api.w.org\/{rel}","templated":true}]}}