{"id":7009,"date":"2021-07-21T13:53:31","date_gmt":"2021-07-21T11:53:31","guid":{"rendered":"https:\/\/amplitude-laser.com\/news\/amplitude-etend-son-reseau-de-distribution-europeen-en-signant-avec-soliton-laser\/"},"modified":"2021-09-10T11:32:54","modified_gmt":"2021-09-10T09:32:54","slug":"amplitude-etend-son-reseau-de-distribution-europeen-en-signant-avec-soliton-laser","status":"publish","type":"news","link":"https:\/\/amplitude-laser.com\/fr\/news\/amplitude-etend-son-reseau-de-distribution-europeen-en-signant-avec-soliton-laser\/","title":{"rendered":"Amplitude \u00e9tend son r\u00e9seau de distribution europ\u00e9en en signant avec Soliton Laser"},"content":{"rendered":"<p>Dans le cadre du d\u00e9veloppement commercial des lasers nanosecondes, fabriqu\u00e9s par Continuum, Amplitude signe un partenariat de distribution avec Soliton Laser- Und Me\u00dftechnik GmbH (https:\/\/www.soliton-gmbh.de\/). Reconnu leader sur les march\u00e9s allemands et autrichiens, Soliton\u00a0 est fournisseur pour des lasers de pr\u00e9cision, de l\u2019optique et du nanoseconde.<\/p>\n","protected":false},"featured_media":7008,"parent":0,"template":"","secteur":[69],"class_list":["post-7009","news","type-news","status-publish","has-post-thumbnail","hentry","secteur-general"],"acf":[],"yoast_head":"<!-- This site is optimized with the Yoast SEO plugin v27.5 - https:\/\/yoast.com\/product\/yoast-seo-wordpress\/ -->\n<title>Amplitude \u00e9tend son r\u00e9seau de distribution europ\u00e9en en signant avec Soliton Laser - Amplitude<\/title>\n<meta name=\"robots\" content=\"index, follow, max-snippet:-1, max-image-preview:large, max-video-preview:-1\" \/>\n<link rel=\"canonical\" href=\"https:\/\/amplitude-laser.com\/fr\/news\/amplitude-etend-son-reseau-de-distribution-europeen-en-signant-avec-soliton-laser\/\" \/>\n<meta property=\"og:locale\" content=\"fr_FR\" \/>\n<meta property=\"og:type\" content=\"article\" \/>\n<meta property=\"og:title\" content=\"Amplitude \u00e9tend son r\u00e9seau de distribution europ\u00e9en en signant avec Soliton Laser - Amplitude\" \/>\n<meta property=\"og:description\" content=\"Dans le cadre du d\u00e9veloppement commercial des lasers nanosecondes, fabriqu\u00e9s par Continuum, Amplitude signe un partenariat de distribution avec Soliton Laser- Und Me\u00dftechnik GmbH (https:\/\/www.soliton-gmbh.de\/). Reconnu leader sur les march\u00e9s allemands et autrichiens, Soliton\u00a0 est fournisseur pour des lasers de pr\u00e9cision, de l\u2019optique et du nanoseconde.\" \/>\n<meta property=\"og:url\" content=\"https:\/\/amplitude-laser.com\/fr\/news\/amplitude-etend-son-reseau-de-distribution-europeen-en-signant-avec-soliton-laser\/\" \/>\n<meta property=\"og:site_name\" content=\"Amplitude\" \/>\n<meta property=\"article:modified_time\" content=\"2021-09-10T09:32:54+00:00\" \/>\n<meta property=\"og:image\" content=\"https:\/\/amplitude-laser.com\/wp-content\/uploads\/2021\/07\/Amplitude-partnership-Soliton-scaled.jpg\" \/>\n\t<meta property=\"og:image:width\" content=\"1920\" \/>\n\t<meta property=\"og:image:height\" content=\"1440\" \/>\n\t<meta property=\"og:image:type\" content=\"image\/jpeg\" \/>\n<meta name=\"twitter:card\" content=\"summary_large_image\" \/>\n<meta name=\"twitter:label1\" content=\"Dur\u00e9e de lecture estim\u00e9e\" \/>\n\t<meta name=\"twitter:data1\" content=\"1 minute\" \/>\n<script type=\"application\/ld+json\" class=\"yoast-schema-graph\">{\"@context\":\"https:\\\/\\\/schema.org\",\"@graph\":[{\"@type\":\"WebPage\",\"@id\":\"https:\\\/\\\/amplitude-laser.com\\\/fr\\\/news\\\/amplitude-etend-son-reseau-de-distribution-europeen-en-signant-avec-soliton-laser\\\/\",\"url\":\"https:\\\/\\\/amplitude-laser.com\\\/fr\\\/news\\\/amplitude-etend-son-reseau-de-distribution-europeen-en-signant-avec-soliton-laser\\\/\",\"name\":\"Amplitude \u00e9tend son r\u00e9seau de distribution europ\u00e9en en signant avec Soliton Laser - Amplitude\",\"isPartOf\":{\"@id\":\"https:\\\/\\\/amplitude-laser.com\\\/#website\"},\"primaryImageOfPage\":{\"@id\":\"https:\\\/\\\/amplitude-laser.com\\\/fr\\\/news\\\/amplitude-etend-son-reseau-de-distribution-europeen-en-signant-avec-soliton-laser\\\/#primaryimage\"},\"image\":{\"@id\":\"https:\\\/\\\/amplitude-laser.com\\\/fr\\\/news\\\/amplitude-etend-son-reseau-de-distribution-europeen-en-signant-avec-soliton-laser\\\/#primaryimage\"},\"thumbnailUrl\":\"https:\\\/\\\/amplitude-laser.com\\\/wp-content\\\/uploads\\\/2021\\\/07\\\/Amplitude-partnership-Soliton-scaled.jpg\",\"datePublished\":\"2021-07-21T11:53:31+00:00\",\"dateModified\":\"2021-09-10T09:32:54+00:00\",\"breadcrumb\":{\"@id\":\"https:\\\/\\\/amplitude-laser.com\\\/fr\\\/news\\\/amplitude-etend-son-reseau-de-distribution-europeen-en-signant-avec-soliton-laser\\\/#breadcrumb\"},\"inLanguage\":\"fr-FR\",\"potentialAction\":[{\"@type\":\"ReadAction\",\"target\":[\"https:\\\/\\\/amplitude-laser.com\\\/fr\\\/news\\\/amplitude-etend-son-reseau-de-distribution-europeen-en-signant-avec-soliton-laser\\\/\"]}]},{\"@type\":\"ImageObject\",\"inLanguage\":\"fr-FR\",\"@id\":\"https:\\\/\\\/amplitude-laser.com\\\/fr\\\/news\\\/amplitude-etend-son-reseau-de-distribution-europeen-en-signant-avec-soliton-laser\\\/#primaryimage\",\"url\":\"https:\\\/\\\/amplitude-laser.com\\\/wp-content\\\/uploads\\\/2021\\\/07\\\/Amplitude-partnership-Soliton-scaled.jpg\",\"contentUrl\":\"https:\\\/\\\/amplitude-laser.com\\\/wp-content\\\/uploads\\\/2021\\\/07\\\/Amplitude-partnership-Soliton-scaled.jpg\",\"width\":1920,\"height\":1440,\"caption\":\"amplitude ans Soliton\"},{\"@type\":\"BreadcrumbList\",\"@id\":\"https:\\\/\\\/amplitude-laser.com\\\/fr\\\/news\\\/amplitude-etend-son-reseau-de-distribution-europeen-en-signant-avec-soliton-laser\\\/#breadcrumb\",\"itemListElement\":[{\"@type\":\"ListItem\",\"position\":1,\"name\":\"Home\",\"item\":\"https:\\\/\\\/amplitude-laser.com\\\/fr\\\/\"},{\"@type\":\"ListItem\",\"position\":2,\"name\":\"News\",\"item\":\"https:\\\/\\\/amplitude-laser.com\\\/news\\\/\"},{\"@type\":\"ListItem\",\"position\":3,\"name\":\"Amplitude \u00e9tend son r\u00e9seau de distribution europ\u00e9en en signant avec Soliton Laser\"}]},{\"@type\":\"WebSite\",\"@id\":\"https:\\\/\\\/amplitude-laser.com\\\/#website\",\"url\":\"https:\\\/\\\/amplitude-laser.com\\\/\",\"name\":\"Amplitude\",\"description\":\"Nothing But Ultrafast\",\"publisher\":{\"@id\":\"https:\\\/\\\/amplitude-laser.com\\\/#organization\"},\"alternateName\":\"Amplitude Laser\",\"potentialAction\":[{\"@type\":\"SearchAction\",\"target\":{\"@type\":\"EntryPoint\",\"urlTemplate\":\"https:\\\/\\\/amplitude-laser.com\\\/?s={search_term_string}\"},\"query-input\":{\"@type\":\"PropertyValueSpecification\",\"valueRequired\":true,\"valueName\":\"search_term_string\"}}],\"inLanguage\":\"fr-FR\"},{\"@type\":\"Organization\",\"@id\":\"https:\\\/\\\/amplitude-laser.com\\\/#organization\",\"name\":\"Amplitude Laser\",\"alternateName\":\"Amplitude\",\"url\":\"https:\\\/\\\/amplitude-laser.com\\\/\",\"logo\":{\"@type\":\"ImageObject\",\"inLanguage\":\"fr-FR\",\"@id\":\"https:\\\/\\\/amplitude-laser.com\\\/#\\\/schema\\\/logo\\\/image\\\/\",\"url\":\"https:\\\/\\\/amplitude-laser.com\\\/wp-content\\\/uploads\\\/2018\\\/10\\\/Amplitude.png\",\"contentUrl\":\"https:\\\/\\\/amplitude-laser.com\\\/wp-content\\\/uploads\\\/2018\\\/10\\\/Amplitude.png\",\"width\":999,\"height\":1182,\"caption\":\"Amplitude Laser\"},\"image\":{\"@id\":\"https:\\\/\\\/amplitude-laser.com\\\/#\\\/schema\\\/logo\\\/image\\\/\"}}]}<\/script>\n<!-- \/ Yoast SEO plugin. -->","yoast_head_json":{"title":"Amplitude \u00e9tend son r\u00e9seau de distribution europ\u00e9en en signant avec Soliton Laser - Amplitude","robots":{"index":"index","follow":"follow","max-snippet":"max-snippet:-1","max-image-preview":"max-image-preview:large","max-video-preview":"max-video-preview:-1"},"canonical":"https:\/\/amplitude-laser.com\/fr\/news\/amplitude-etend-son-reseau-de-distribution-europeen-en-signant-avec-soliton-laser\/","og_locale":"fr_FR","og_type":"article","og_title":"Amplitude \u00e9tend son r\u00e9seau de distribution europ\u00e9en en signant avec Soliton Laser - Amplitude","og_description":"Dans le cadre du d\u00e9veloppement commercial des lasers nanosecondes, fabriqu\u00e9s par Continuum, Amplitude signe un partenariat de distribution avec Soliton Laser- Und Me\u00dftechnik GmbH (https:\/\/www.soliton-gmbh.de\/). Reconnu leader sur les march\u00e9s allemands et autrichiens, Soliton\u00a0 est fournisseur pour des lasers de pr\u00e9cision, de l\u2019optique et du nanoseconde.","og_url":"https:\/\/amplitude-laser.com\/fr\/news\/amplitude-etend-son-reseau-de-distribution-europeen-en-signant-avec-soliton-laser\/","og_site_name":"Amplitude","article_modified_time":"2021-09-10T09:32:54+00:00","og_image":[{"width":1920,"height":1440,"url":"https:\/\/amplitude-laser.com\/wp-content\/uploads\/2021\/07\/Amplitude-partnership-Soliton-scaled.jpg","type":"image\/jpeg"}],"twitter_card":"summary_large_image","twitter_misc":{"Dur\u00e9e de lecture estim\u00e9e":"1 minute"},"schema":{"@context":"https:\/\/schema.org","@graph":[{"@type":"WebPage","@id":"https:\/\/amplitude-laser.com\/fr\/news\/amplitude-etend-son-reseau-de-distribution-europeen-en-signant-avec-soliton-laser\/","url":"https:\/\/amplitude-laser.com\/fr\/news\/amplitude-etend-son-reseau-de-distribution-europeen-en-signant-avec-soliton-laser\/","name":"Amplitude \u00e9tend son r\u00e9seau de distribution europ\u00e9en en signant avec Soliton Laser - Amplitude","isPartOf":{"@id":"https:\/\/amplitude-laser.com\/#website"},"primaryImageOfPage":{"@id":"https:\/\/amplitude-laser.com\/fr\/news\/amplitude-etend-son-reseau-de-distribution-europeen-en-signant-avec-soliton-laser\/#primaryimage"},"image":{"@id":"https:\/\/amplitude-laser.com\/fr\/news\/amplitude-etend-son-reseau-de-distribution-europeen-en-signant-avec-soliton-laser\/#primaryimage"},"thumbnailUrl":"https:\/\/amplitude-laser.com\/wp-content\/uploads\/2021\/07\/Amplitude-partnership-Soliton-scaled.jpg","datePublished":"2021-07-21T11:53:31+00:00","dateModified":"2021-09-10T09:32:54+00:00","breadcrumb":{"@id":"https:\/\/amplitude-laser.com\/fr\/news\/amplitude-etend-son-reseau-de-distribution-europeen-en-signant-avec-soliton-laser\/#breadcrumb"},"inLanguage":"fr-FR","potentialAction":[{"@type":"ReadAction","target":["https:\/\/amplitude-laser.com\/fr\/news\/amplitude-etend-son-reseau-de-distribution-europeen-en-signant-avec-soliton-laser\/"]}]},{"@type":"ImageObject","inLanguage":"fr-FR","@id":"https:\/\/amplitude-laser.com\/fr\/news\/amplitude-etend-son-reseau-de-distribution-europeen-en-signant-avec-soliton-laser\/#primaryimage","url":"https:\/\/amplitude-laser.com\/wp-content\/uploads\/2021\/07\/Amplitude-partnership-Soliton-scaled.jpg","contentUrl":"https:\/\/amplitude-laser.com\/wp-content\/uploads\/2021\/07\/Amplitude-partnership-Soliton-scaled.jpg","width":1920,"height":1440,"caption":"amplitude ans Soliton"},{"@type":"BreadcrumbList","@id":"https:\/\/amplitude-laser.com\/fr\/news\/amplitude-etend-son-reseau-de-distribution-europeen-en-signant-avec-soliton-laser\/#breadcrumb","itemListElement":[{"@type":"ListItem","position":1,"name":"Home","item":"https:\/\/amplitude-laser.com\/fr\/"},{"@type":"ListItem","position":2,"name":"News","item":"https:\/\/amplitude-laser.com\/news\/"},{"@type":"ListItem","position":3,"name":"Amplitude \u00e9tend son r\u00e9seau de distribution europ\u00e9en en signant avec Soliton Laser"}]},{"@type":"WebSite","@id":"https:\/\/amplitude-laser.com\/#website","url":"https:\/\/amplitude-laser.com\/","name":"Amplitude","description":"Nothing But Ultrafast","publisher":{"@id":"https:\/\/amplitude-laser.com\/#organization"},"alternateName":"Amplitude Laser","potentialAction":[{"@type":"SearchAction","target":{"@type":"EntryPoint","urlTemplate":"https:\/\/amplitude-laser.com\/?s={search_term_string}"},"query-input":{"@type":"PropertyValueSpecification","valueRequired":true,"valueName":"search_term_string"}}],"inLanguage":"fr-FR"},{"@type":"Organization","@id":"https:\/\/amplitude-laser.com\/#organization","name":"Amplitude Laser","alternateName":"Amplitude","url":"https:\/\/amplitude-laser.com\/","logo":{"@type":"ImageObject","inLanguage":"fr-FR","@id":"https:\/\/amplitude-laser.com\/#\/schema\/logo\/image\/","url":"https:\/\/amplitude-laser.com\/wp-content\/uploads\/2018\/10\/Amplitude.png","contentUrl":"https:\/\/amplitude-laser.com\/wp-content\/uploads\/2018\/10\/Amplitude.png","width":999,"height":1182,"caption":"Amplitude Laser"},"image":{"@id":"https:\/\/amplitude-laser.com\/#\/schema\/logo\/image\/"}}]}},"_links":{"self":[{"href":"https:\/\/amplitude-laser.com\/fr\/wp-json\/wp\/v2\/news\/7009","targetHints":{"allow":["GET"]}}],"collection":[{"href":"https:\/\/amplitude-laser.com\/fr\/wp-json\/wp\/v2\/news"}],"about":[{"href":"https:\/\/amplitude-laser.com\/fr\/wp-json\/wp\/v2\/types\/news"}],"wp:featuredmedia":[{"embeddable":true,"href":"https:\/\/amplitude-laser.com\/fr\/wp-json\/wp\/v2\/media\/7008"}],"wp:attachment":[{"href":"https:\/\/amplitude-laser.com\/fr\/wp-json\/wp\/v2\/media?parent=7009"}],"wp:term":[{"taxonomy":"secteur","embeddable":true,"href":"https:\/\/amplitude-laser.com\/fr\/wp-json\/wp\/v2\/secteur?post=7009"}],"curies":[{"name":"wp","href":"https:\/\/api.w.org\/{rel}","templated":true}]}}